{"id":8838,"date":"2021-03-10T21:44:43","date_gmt":"2021-03-10T20:44:43","guid":{"rendered":"https:\/\/www.reddingsbrigadenoordwijk.nl\/?p=8838"},"modified":"2021-05-26T04:15:53","modified_gmt":"2021-05-26T02:15:53","slug":"met-vlag-en-wimpel-100-jaar-noordwijkse-reddingsbrigade","status":"publish","type":"post","link":"https:\/\/www.reddingsbrigadenoordwijk.nl\/fr\/archief\/avec-drapeau-et-vol-100-ans-noordwijk-brigade-de-sauvetage\/","title":{"rendered":"100 ans de la brigade de sauvetage de Noordwijk : un succ\u00e8s \u00e9clatant !"},"content":{"rendered":"<p>La brigade de sauvetage de Noordwijk (NRB) f\u00eatera son 100e anniversaire le mardi 9 mars. En hissant le drapeau du jubil\u00e9 au phare, le NRB donnera le feu vert \u00e0 des activit\u00e9s festives en 2021. Le phare, en tant que balise s\u00fbre, est un endroit merveilleux pour marquer le d\u00e9but de l'ann\u00e9e anniversaire\", explique Enrico Hazenoot, pr\u00e9sident du conseil d'administration. Tant que les mesures COVID seront en place, il y aura des activit\u00e9s en ligne cette ann\u00e9e. Pour l'instant, donc, pas de r\u00e9ception festive. Nous esp\u00e9rons pouvoir inviter les relations et le public \u00e0 une distance de s\u00e9curit\u00e9 pour jeter un coup d'\u0153il \u00e0 notre nouveau poste de plage et voir une d\u00e9monstration de notre travail sur la plage.<\/p>\n\n\n\n<h2 class=\"wp-block-heading\">Raison de la fondation<\/h2>\n\n\n\n<p>Dans la nuit du 23 novembre 1919, le lougre KW47 de Katwijk a heurt\u00e9 un banc de sable \u00e0 deux kilom\u00e8tres au nord de Noordwijk en raison d'une mer agit\u00e9e et d'une mauvaise visibilit\u00e9. Le capitaine et les dix rameurs du bateau de sauvetage alert\u00e9 doivent d\u00e9ployer des efforts consid\u00e9rables pour mettre le bateau \u00e0 la mer, car il n'y a pas assez de chevaux pour tirer le bateau sur le sable mou. Une fois sur le lougre, le canot de sauvetage chavire. Trois rameurs perdent la vie. Un nouvel \u00e9quipage parvient \u00e0 faire sortir 8 membres du bateau de p\u00eache. Un 9<sup>e<\/sup>&nbsp;Le marin s'est av\u00e9r\u00e9 \u00eatre mort, tragiquement un neveu d'un sauveteur d\u00e9c\u00e9d\u00e9. Cet \u00e9v\u00e9nement, ainsi que les nombreuses noyades des ann\u00e9es pr\u00e9c\u00e9dentes, laissent une impression profonde. La d\u00e9cision a ensuite \u00e9t\u00e9 prise de mettre en place une \u00e9quipe de sauvetage pour aider les personnes \u00e0 bord du bateau de sauvetage.<\/p>\n\n\n\n<figure class=\"wp-block-gallery columns-3 is-cropped wp-block-gallery-2 is-layout-flex wp-block-gallery-is-layout-flex\"><ul class=\"blocks-gallery-grid\"><li class=\"blocks-gallery-item\"><figure><a href=\"https:\/\/www.reddingsbrigadenoordwijk.nl\/wp-content\/uploads\/2021\/03\/NZHRM.jpg\" class=\"image-link\"><img decoding=\"async\" width=\"1024\" height=\"696\" data-src=\"https:\/\/www.reddingsbrigadenoordwijk.nl\/wp-content\/uploads\/2021\/03\/NZHRM-1024x696.jpg\" alt=\"\" data-id=\"8842\" data-full-url=\"https:\/\/www.reddingsbrigadenoordwijk.nl\/wp-content\/uploads\/2021\/03\/NZHRM.jpg\" data-link=\"https:\/\/www.reddingsbrigadenoordwijk.nl\/?attachment_id=8842\" class=\"wp-image-8842 lazyload\" data-srcset=\"https:\/\/www.reddingsbrigadenoordwijk.nl\/wp-content\/uploads\/2021\/03\/NZHRM-1024x696.jpg 1024w, https:\/\/www.reddingsbrigadenoordwijk.nl\/wp-content\/uploads\/2021\/03\/NZHRM-300x204.jpg 300w, https:\/\/www.reddingsbrigadenoordwijk.nl\/wp-content\/uploads\/2021\/03\/NZHRM-768x522.jpg 768w, https:\/\/www.reddingsbrigadenoordwijk.nl\/wp-content\/uploads\/2021\/03\/NZHRM-16x12.jpg 16w, https:\/\/www.reddingsbrigadenoordwijk.nl\/wp-content\/uploads\/2021\/03\/NZHRM-848x576.jpg 848w, https:\/\/www.reddingsbrigadenoordwijk.nl\/wp-content\/uploads\/2021\/03\/NZHRM-1140x775.jpg 1140w, https:\/\/www.reddingsbrigadenoordwijk.nl\/wp-content\/uploads\/2021\/03\/NZHRM-1170x795.jpg 1170w, https:\/\/www.reddingsbrigadenoordwijk.nl\/wp-content\/uploads\/2021\/03\/NZHRM.jpg 1233w\" data-sizes=\"(max-width: 1024px) 100vw, 1024px\" src=\"data:image\/svg+xml;base64,PHN2ZyB3aWR0aD0iMSIgaGVpZ2h0PSIxIiB4bWxucz0iaHR0cDovL3d3dy53My5vcmcvMjAwMC9zdmciPjwvc3ZnPg==\" style=\"--smush-placeholder-width: 1024px; --smush-placeholder-aspect-ratio: 1024\/696;\" \/><\/a><\/figure><\/li><li class=\"blocks-gallery-item\"><figure><a href=\"https:\/\/www.reddingsbrigadenoordwijk.nl\/wp-content\/uploads\/2021\/03\/1955-1960-JO-MP-WS-en-Lenie.jpg\" class=\"image-link\"><img decoding=\"async\" data-src=\"https:\/\/www.reddingsbrigadenoordwijk.nl\/wp-content\/uploads\/2021\/03\/1955-1960-JO-MP-WS-en-Lenie-1024x712.jpg\" alt=\"\" data-id=\"8841\" data-full-url=\"https:\/\/www.reddingsbrigadenoordwijk.nl\/wp-content\/uploads\/2021\/03\/1955-1960-JO-MP-WS-en-Lenie.jpg\" data-link=\"https:\/\/www.reddingsbrigadenoordwijk.nl\/?attachment_id=8841\" class=\"wp-image-8841 lazyload\" src=\"data:image\/svg+xml;base64,PHN2ZyB3aWR0aD0iMSIgaGVpZ2h0PSIxIiB4bWxucz0iaHR0cDovL3d3dy53My5vcmcvMjAwMC9zdmciPjwvc3ZnPg==\" style=\"--smush-placeholder-width: 1024px; --smush-placeholder-aspect-ratio: 1024\/712;\" \/><\/a><\/figure><\/li><li class=\"blocks-gallery-item\"><figure><a href=\"https:\/\/www.reddingsbrigadenoordwijk.nl\/wp-content\/uploads\/2021\/03\/19860719-08-scaled-1.jpg\" class=\"image-link\"><img decoding=\"async\" width=\"1024\" height=\"731\" data-src=\"https:\/\/www.reddingsbrigadenoordwijk.nl\/wp-content\/uploads\/2021\/03\/19860719-08-scaled-1-1024x731.jpg\" alt=\"\" data-id=\"8840\" data-full-url=\"https:\/\/www.reddingsbrigadenoordwijk.nl\/wp-content\/uploads\/2021\/03\/19860719-08-scaled-1.jpg\" data-link=\"https:\/\/www.reddingsbrigadenoordwijk.nl\/?attachment_id=8840\" class=\"wp-image-8840 lazyload\" data-srcset=\"https:\/\/www.reddingsbrigadenoordwijk.nl\/wp-content\/uploads\/2021\/03\/19860719-08-scaled-1-1024x731.jpg 1024w, https:\/\/www.reddingsbrigadenoordwijk.nl\/wp-content\/uploads\/2021\/03\/19860719-08-scaled-1-300x214.jpg 300w, https:\/\/www.reddingsbrigadenoordwijk.nl\/wp-content\/uploads\/2021\/03\/19860719-08-scaled-1-768x548.jpg 768w, https:\/\/www.reddingsbrigadenoordwijk.nl\/wp-content\/uploads\/2021\/03\/19860719-08-scaled-1-1536x1097.jpg 1536w, https:\/\/www.reddingsbrigadenoordwijk.nl\/wp-content\/uploads\/2021\/03\/19860719-08-scaled-1-2048x1462.jpg 2048w, https:\/\/www.reddingsbrigadenoordwijk.nl\/wp-content\/uploads\/2021\/03\/19860719-08-scaled-1-16x12.jpg 16w, https:\/\/www.reddingsbrigadenoordwijk.nl\/wp-content\/uploads\/2021\/03\/19860719-08-scaled-1-848x606.jpg 848w, https:\/\/www.reddingsbrigadenoordwijk.nl\/wp-content\/uploads\/2021\/03\/19860719-08-scaled-1-1140x814.jpg 1140w, https:\/\/www.reddingsbrigadenoordwijk.nl\/wp-content\/uploads\/2021\/03\/19860719-08-scaled-1-1170x835.jpg 1170w, https:\/\/www.reddingsbrigadenoordwijk.nl\/wp-content\/uploads\/2021\/03\/19860719-08-scaled-1-1920x1371.jpg 1920w\" data-sizes=\"(max-width: 1024px) 100vw, 1024px\" src=\"data:image\/svg+xml;base64,PHN2ZyB3aWR0aD0iMSIgaGVpZ2h0PSIxIiB4bWxucz0iaHR0cDovL3d3dy53My5vcmcvMjAwMC9zdmciPjwvc3ZnPg==\" style=\"--smush-placeholder-width: 1024px; --smush-placeholder-aspect-ratio: 1024\/731;\" \/><\/a><\/figure><\/li><\/ul><\/figure>\n\n\n\n<h2 class=\"wp-block-heading\">Mer tra\u00eetre<\/h2>\n\n\n\n<p>La brigade de sauvetage de Noordwijk et ses sauveteurs sont devenus un \u00e9l\u00e9ment indispensable de la plage de Noordwijk. L'\u00e9t\u00e9 dernier, ils ont une fois de plus prouv\u00e9 leur valeur, en tirant de nombreux nageurs et baigneurs des brumes dangereuses. Wim Star, ancien instructeur, commandant, skipper, membre du conseil d'administration et plus encore, sait mieux que quiconque que la mer peut \u00eatre tra\u00eetresse. \u00c0 84 ans, il est l'un des membres les plus \u00e2g\u00e9s. Il appartient \u00e0 un certain nombre de familles de brigades classiques et d\u00e9vou\u00e9es, o\u00f9 les conjoints ont appris \u00e0 se conna\u00eetre par le biais du service de sauvetage et o\u00f9 les g\u00e9n\u00e9rations suivantes sont \u00e9galement actives en tant que sauveteurs. Wim explique que la plupart des visiteurs de la plage ne sont pas conscients des dangers de la mer. La plupart des visiteurs ne pr\u00e9parent pas leur visite \u00e0 la plage. Ils ne lisent pas les panneaux sur la promenade ou les sorties et n'\u00e9tudient pas la signification des drapeaux. Il donne un exemple. Dans le pass\u00e9, nous avons souvent ferm\u00e9 les marais dangereux avec des drapeaux rouges et des poteaux de sauvetage. Rapidement, les gens vont dans la mer juste \u00e0 l'int\u00e9rieur de ces rubans. Il y a aussi un certain nombre de personnes qui ignorent d\u00e9lib\u00e9r\u00e9ment les instructions ou les conseils. Ou qui r\u00e9agissent avec irritation lorsque nous patrouillons la ligne de flottaison avec la voiture de la brigade \u00e0 mar\u00e9e haute sur des plages bond\u00e9es. Les gens ne se rendent pas toujours compte que vous \u00eates l\u00e0 pour leur s\u00e9curit\u00e9 et que les op\u00e9rations de sauvetage comportent aussi des risques pour les sauveteurs.<\/p>\n\n\n\n<figure class=\"wp-block-gallery columns-3 is-cropped wp-block-gallery-3 is-layout-flex wp-block-gallery-is-layout-flex\"><ul class=\"blocks-gallery-grid\"><li class=\"blocks-gallery-item\"><figure><img decoding=\"async\" width=\"1024\" height=\"696\" data-src=\"https:\/\/www.reddingsbrigadenoordwijk.nl\/wp-content\/uploads\/2021\/03\/onbekend-10-1024x696.jpg\" alt=\"\" data-id=\"8845\" data-full-url=\"https:\/\/www.reddingsbrigadenoordwijk.nl\/wp-content\/uploads\/2021\/03\/onbekend-10.jpg\" data-link=\"https:\/\/www.reddingsbrigadenoordwijk.nl\/?attachment_id=8845\" class=\"wp-image-8845 lazyload\" data-srcset=\"https:\/\/www.reddingsbrigadenoordwijk.nl\/wp-content\/uploads\/2021\/03\/onbekend-10-1024x696.jpg 1024w, https:\/\/www.reddingsbrigadenoordwijk.nl\/wp-content\/uploads\/2021\/03\/onbekend-10-300x204.jpg 300w, https:\/\/www.reddingsbrigadenoordwijk.nl\/wp-content\/uploads\/2021\/03\/onbekend-10-768x522.jpg 768w, https:\/\/www.reddingsbrigadenoordwijk.nl\/wp-content\/uploads\/2021\/03\/onbekend-10-16x12.jpg 16w, https:\/\/www.reddingsbrigadenoordwijk.nl\/wp-content\/uploads\/2021\/03\/onbekend-10-848x576.jpg 848w, https:\/\/www.reddingsbrigadenoordwijk.nl\/wp-content\/uploads\/2021\/03\/onbekend-10.jpg 1064w\" data-sizes=\"(max-width: 1024px) 100vw, 1024px\" src=\"data:image\/svg+xml;base64,PHN2ZyB3aWR0aD0iMSIgaGVpZ2h0PSIxIiB4bWxucz0iaHR0cDovL3d3dy53My5vcmcvMjAwMC9zdmciPjwvc3ZnPg==\" style=\"--smush-placeholder-width: 1024px; --smush-placeholder-aspect-ratio: 1024\/696;\" \/><\/figure><\/li><li class=\"blocks-gallery-item\"><figure><img decoding=\"async\" width=\"1024\" height=\"778\" data-src=\"https:\/\/www.reddingsbrigadenoordwijk.nl\/wp-content\/uploads\/2021\/03\/19660000-03-1024x778.jpg\" alt=\"\" data-id=\"8844\" data-full-url=\"https:\/\/www.reddingsbrigadenoordwijk.nl\/wp-content\/uploads\/2021\/03\/19660000-03.jpg\" data-link=\"https:\/\/www.reddingsbrigadenoordwijk.nl\/?attachment_id=8844\" class=\"wp-image-8844 lazyload\" data-srcset=\"https:\/\/www.reddingsbrigadenoordwijk.nl\/wp-content\/uploads\/2021\/03\/19660000-03-1024x778.jpg 1024w, https:\/\/www.reddingsbrigadenoordwijk.nl\/wp-content\/uploads\/2021\/03\/19660000-03-300x228.jpg 300w, https:\/\/www.reddingsbrigadenoordwijk.nl\/wp-content\/uploads\/2021\/03\/19660000-03-768x583.jpg 768w, https:\/\/www.reddingsbrigadenoordwijk.nl\/wp-content\/uploads\/2021\/03\/19660000-03-1536x1166.jpg 1536w, https:\/\/www.reddingsbrigadenoordwijk.nl\/wp-content\/uploads\/2021\/03\/19660000-03-2048x1555.jpg 2048w, https:\/\/www.reddingsbrigadenoordwijk.nl\/wp-content\/uploads\/2021\/03\/19660000-03-16x12.jpg 16w, https:\/\/www.reddingsbrigadenoordwijk.nl\/wp-content\/uploads\/2021\/03\/19660000-03-848x644.jpg 848w, https:\/\/www.reddingsbrigadenoordwijk.nl\/wp-content\/uploads\/2021\/03\/19660000-03-1140x866.jpg 1140w, https:\/\/www.reddingsbrigadenoordwijk.nl\/wp-content\/uploads\/2021\/03\/19660000-03-1170x889.jpg 1170w, https:\/\/www.reddingsbrigadenoordwijk.nl\/wp-content\/uploads\/2021\/03\/19660000-03-1920x1458.jpg 1920w\" data-sizes=\"(max-width: 1024px) 100vw, 1024px\" src=\"data:image\/svg+xml;base64,PHN2ZyB3aWR0aD0iMSIgaGVpZ2h0PSIxIiB4bWxucz0iaHR0cDovL3d3dy53My5vcmcvMjAwMC9zdmciPjwvc3ZnPg==\" style=\"--smush-placeholder-width: 1024px; --smush-placeholder-aspect-ratio: 1024\/778;\" \/><\/figure><\/li><li class=\"blocks-gallery-item\"><figure><img decoding=\"async\" width=\"664\" height=\"456\" data-src=\"https:\/\/www.reddingsbrigadenoordwijk.nl\/wp-content\/uploads\/2021\/03\/onbekend-02.jpg\" alt=\"\" data-id=\"8843\" data-full-url=\"https:\/\/www.reddingsbrigadenoordwijk.nl\/wp-content\/uploads\/2021\/03\/onbekend-02.jpg\" data-link=\"https:\/\/www.reddingsbrigadenoordwijk.nl\/?attachment_id=8843\" class=\"wp-image-8843 lazyload\" data-srcset=\"https:\/\/www.reddingsbrigadenoordwijk.nl\/wp-content\/uploads\/2021\/03\/onbekend-02.jpg 664w, https:\/\/www.reddingsbrigadenoordwijk.nl\/wp-content\/uploads\/2021\/03\/onbekend-02-300x206.jpg 300w, https:\/\/www.reddingsbrigadenoordwijk.nl\/wp-content\/uploads\/2021\/03\/onbekend-02-16x12.jpg 16w\" data-sizes=\"(max-width: 664px) 100vw, 664px\" src=\"data:image\/svg+xml;base64,PHN2ZyB3aWR0aD0iMSIgaGVpZ2h0PSIxIiB4bWxucz0iaHR0cDovL3d3dy53My5vcmcvMjAwMC9zdmciPjwvc3ZnPg==\" style=\"--smush-placeholder-width: 664px; --smush-placeholder-aspect-ratio: 664\/456;\" \/><\/figure><\/li><\/ul><\/figure>\n\n\n\n<h2 class=\"wp-block-heading\">Pass\u00e9 et pr\u00e9sent<\/h2>\n\n\n\n<p>Wim a commenc\u00e9 sa formation de nageur \u00e0 l'\u00e2ge de 13 ans, puis est pass\u00e9 \u00e0 la formation de sauveteur, comme il le fait encore aujourd'hui. Lorsqu'il est entr\u00e9 au service des sauveteurs en 53, l'aviron se pratiquait encore avec un grand radeau en bois, avec 4 rameurs et 1 barreur. Les patrouilles \u00e0 la rame au large des c\u00f4tes exigeaient beaucoup d'entra\u00eenement et de force musculaire. Wim : \"C'\u00e9tait tout un art de ramer sur un tel radeau \u00e0 travers les vagues et de le ramener au poste. Des bateaux avec des moteurs de 5 CV ont suivi, ainsi qu'un bateau en aluminium, le Pearly Miss, et des BRB (BondReddingsBoot). Aujourd'hui, nous naviguons avec des RIB (Rigid Inflatable Boat) de 75 CV.  Les t\u00e2ches de la brigade comprennent \u00e9galement les premiers secours, des \u00e9clats et des fractures \u00e0 la r\u00e9animation, ainsi que la capture et la recherche d'enfants et de personnes disparues sur la plage. Par une belle journ\u00e9e, il y avait parfois 100 enfants disparus. En partie gr\u00e2ce \u00e0 la distribution de bracelets sur lesquels les parents peuvent inscrire leur num\u00e9ro 06, cela ne se produit plus de nos jours.<\/p>\n\n\n\n<figure class=\"wp-block-gallery columns-3 is-cropped wp-block-gallery-4 is-layout-flex wp-block-gallery-is-layout-flex\"><ul class=\"blocks-gallery-grid\"><li class=\"blocks-gallery-item\"><figure><img decoding=\"async\" width=\"1024\" height=\"684\" data-src=\"https:\/\/www.reddingsbrigadenoordwijk.nl\/wp-content\/uploads\/2021\/03\/IMG-20180818-WA0001-1024x684.jpg\" alt=\"\" data-id=\"8846\" data-full-url=\"https:\/\/www.reddingsbrigadenoordwijk.nl\/wp-content\/uploads\/2021\/03\/IMG-20180818-WA0001.jpg\" data-link=\"https:\/\/www.reddingsbrigadenoordwijk.nl\/?attachment_id=8846\" class=\"wp-image-8846 lazyload\" data-srcset=\"https:\/\/www.reddingsbrigadenoordwijk.nl\/wp-content\/uploads\/2021\/03\/IMG-20180818-WA0001-1024x684.jpg 1024w, https:\/\/www.reddingsbrigadenoordwijk.nl\/wp-content\/uploads\/2021\/03\/IMG-20180818-WA0001-300x200.jpg 300w, https:\/\/www.reddingsbrigadenoordwijk.nl\/wp-content\/uploads\/2021\/03\/IMG-20180818-WA0001-768x513.jpg 768w, https:\/\/www.reddingsbrigadenoordwijk.nl\/wp-content\/uploads\/2021\/03\/IMG-20180818-WA0001-16x12.jpg 16w, https:\/\/www.reddingsbrigadenoordwijk.nl\/wp-content\/uploads\/2021\/03\/IMG-20180818-WA0001-848x566.jpg 848w, https:\/\/www.reddingsbrigadenoordwijk.nl\/wp-content\/uploads\/2021\/03\/IMG-20180818-WA0001-1140x761.jpg 1140w, https:\/\/www.reddingsbrigadenoordwijk.nl\/wp-content\/uploads\/2021\/03\/IMG-20180818-WA0001-1170x782.jpg 1170w, https:\/\/www.reddingsbrigadenoordwijk.nl\/wp-content\/uploads\/2021\/03\/IMG-20180818-WA0001.jpg 1280w\" data-sizes=\"(max-width: 1024px) 100vw, 1024px\" src=\"data:image\/svg+xml;base64,PHN2ZyB3aWR0aD0iMSIgaGVpZ2h0PSIxIiB4bWxucz0iaHR0cDovL3d3dy53My5vcmcvMjAwMC9zdmciPjwvc3ZnPg==\" style=\"--smush-placeholder-width: 1024px; --smush-placeholder-aspect-ratio: 1024\/684;\" \/><\/figure><\/li><li class=\"blocks-gallery-item\"><figure><img decoding=\"async\" width=\"1024\" height=\"576\" data-src=\"https:\/\/www.reddingsbrigadenoordwijk.nl\/wp-content\/uploads\/2021\/03\/ExamenLifeguard2015_SamanthaStauttener-25-1024x576.jpg\" alt=\"\" data-id=\"8847\" data-full-url=\"https:\/\/www.reddingsbrigadenoordwijk.nl\/wp-content\/uploads\/2021\/03\/ExamenLifeguard2015_SamanthaStauttener-25.jpg\" data-link=\"https:\/\/www.reddingsbrigadenoordwijk.nl\/?attachment_id=8847\" class=\"wp-image-8847 lazyload\" data-srcset=\"https:\/\/www.reddingsbrigadenoordwijk.nl\/wp-content\/uploads\/2021\/03\/ExamenLifeguard2015_SamanthaStauttener-25-1024x576.jpg 1024w, https:\/\/www.reddingsbrigadenoordwijk.nl\/wp-content\/uploads\/2021\/03\/ExamenLifeguard2015_SamanthaStauttener-25-300x169.jpg 300w, https:\/\/www.reddingsbrigadenoordwijk.nl\/wp-content\/uploads\/2021\/03\/ExamenLifeguard2015_SamanthaStauttener-25-768x432.jpg 768w, https:\/\/www.reddingsbrigadenoordwijk.nl\/wp-content\/uploads\/2021\/03\/ExamenLifeguard2015_SamanthaStauttener-25-1536x864.jpg 1536w, https:\/\/www.reddingsbrigadenoordwijk.nl\/wp-content\/uploads\/2021\/03\/ExamenLifeguard2015_SamanthaStauttener-25-2048x1152.jpg 2048w, https:\/\/www.reddingsbrigadenoordwijk.nl\/wp-content\/uploads\/2021\/03\/ExamenLifeguard2015_SamanthaStauttener-25-16x9.jpg 16w, https:\/\/www.reddingsbrigadenoordwijk.nl\/wp-content\/uploads\/2021\/03\/ExamenLifeguard2015_SamanthaStauttener-25-848x477.jpg 848w, https:\/\/www.reddingsbrigadenoordwijk.nl\/wp-content\/uploads\/2021\/03\/ExamenLifeguard2015_SamanthaStauttener-25-1140x641.jpg 1140w, https:\/\/www.reddingsbrigadenoordwijk.nl\/wp-content\/uploads\/2021\/03\/ExamenLifeguard2015_SamanthaStauttener-25-1170x658.jpg 1170w, https:\/\/www.reddingsbrigadenoordwijk.nl\/wp-content\/uploads\/2021\/03\/ExamenLifeguard2015_SamanthaStauttener-25-1920x1080.jpg 1920w\" data-sizes=\"(max-width: 1024px) 100vw, 1024px\" src=\"data:image\/svg+xml;base64,PHN2ZyB3aWR0aD0iMSIgaGVpZ2h0PSIxIiB4bWxucz0iaHR0cDovL3d3dy53My5vcmcvMjAwMC9zdmciPjwvc3ZnPg==\" style=\"--smush-placeholder-width: 1024px; --smush-placeholder-aspect-ratio: 1024\/576;\" \/><\/figure><\/li><li class=\"blocks-gallery-item\"><figure><img decoding=\"async\" width=\"1024\" height=\"684\" data-src=\"https:\/\/www.reddingsbrigadenoordwijk.nl\/wp-content\/uploads\/2021\/03\/20100712-14-scaled-1-1024x684.jpg\" alt=\"\" data-id=\"8848\" data-full-url=\"https:\/\/www.reddingsbrigadenoordwijk.nl\/wp-content\/uploads\/2021\/03\/20100712-14-scaled-1.jpg\" data-link=\"https:\/\/www.reddingsbrigadenoordwijk.nl\/?attachment_id=8848\" class=\"wp-image-8848 lazyload\" data-srcset=\"https:\/\/www.reddingsbrigadenoordwijk.nl\/wp-content\/uploads\/2021\/03\/20100712-14-scaled-1-1024x684.jpg 1024w, https:\/\/www.reddingsbrigadenoordwijk.nl\/wp-content\/uploads\/2021\/03\/20100712-14-scaled-1-300x200.jpg 300w, https:\/\/www.reddingsbrigadenoordwijk.nl\/wp-content\/uploads\/2021\/03\/20100712-14-scaled-1-768x513.jpg 768w, https:\/\/www.reddingsbrigadenoordwijk.nl\/wp-content\/uploads\/2021\/03\/20100712-14-scaled-1-1536x1025.jpg 1536w, https:\/\/www.reddingsbrigadenoordwijk.nl\/wp-content\/uploads\/2021\/03\/20100712-14-scaled-1-2048x1367.jpg 2048w, https:\/\/www.reddingsbrigadenoordwijk.nl\/wp-content\/uploads\/2021\/03\/20100712-14-scaled-1-16x12.jpg 16w, https:\/\/www.reddingsbrigadenoordwijk.nl\/wp-content\/uploads\/2021\/03\/20100712-14-scaled-1-848x566.jpg 848w, https:\/\/www.reddingsbrigadenoordwijk.nl\/wp-content\/uploads\/2021\/03\/20100712-14-scaled-1-1140x761.jpg 1140w, https:\/\/www.reddingsbrigadenoordwijk.nl\/wp-content\/uploads\/2021\/03\/20100712-14-scaled-1-1170x781.jpg 1170w, https:\/\/www.reddingsbrigadenoordwijk.nl\/wp-content\/uploads\/2021\/03\/20100712-14-scaled-1-1920x1282.jpg 1920w\" data-sizes=\"(max-width: 1024px) 100vw, 1024px\" src=\"data:image\/svg+xml;base64,PHN2ZyB3aWR0aD0iMSIgaGVpZ2h0PSIxIiB4bWxucz0iaHR0cDovL3d3dy53My5vcmcvMjAwMC9zdmciPjwvc3ZnPg==\" style=\"--smush-placeholder-width: 1024px; --smush-placeholder-aspect-ratio: 1024\/684;\" \/><\/figure><\/li><\/ul><\/figure>\n\n\n\n<h2 class=\"wp-block-heading\">La natation comme base<\/h2>\n\n\n\n<p>Enrico Hazenoot (60 ans) a occup\u00e9 divers postes, dont celui de ma\u00eetre-nageur. D'abord \u00e0 Wassenaar, o\u00f9 la brigade utilisait ses propres services de bus, accompagn\u00e9e entre autres par Erika Star, la femme de Wim. Plus tard, dans le Noordwijkse Bollenbad, aujourd'hui BloemenZee. Enrico : \"<em>La natation \u00e9l\u00e9mentaire est vraiment la base pour \u00eatre capable de se sauver soi-m\u00eame. Cet aspect est souvent n\u00e9glig\u00e9. C'est pourquoi l'entra\u00eenement \u00e0 la natation est un pilier important de la brigade de sauvetage de Noordwijk. Nous voulons informer les gens d\u00e8s leur plus jeune \u00e2ge des dangers de la mer et leur apprendre \u00e0 y faire face. \u00c0 la brigade de sauvetage, vous pouvez ensuite vous sp\u00e9cialiser dans le sauvetage de personnes.<\/em>.<\/p>\n\n\n\n<p><em>Depuis quelques ann\u00e9es, nous donnons des cours de natation aux souris pour les enfants de 10 \u00e0 12 ans. Heureusement, ceux-ci suscitent beaucoup d'int\u00e9r\u00eat. \u00c9galement par les m\u00e9dias nationaux, ce qui nous permet de toucher encore plus d'enfants et de parents.<\/em>\"<\/p>\n\n\n\n<figure class=\"wp-block-embed is-type-video is-provider-youtube wp-block-embed-youtube wp-embed-aspect-16-9 wp-has-aspect-ratio\"><div class=\"wp-block-embed__wrapper\">\n<iframe title=\"Les sauveteurs donnent aux enfants des le\u00e7ons sur la baignade en mer\" width=\"848\" height=\"477\" data-src=\"https:\/\/www.youtube.com\/embed\/_8QHYauz9cA?feature=oembed&#038;enablejsapi=1&#038;origin=https:\/\/www.reddingsbrigadenoordwijk.nl\" frameborder=\"0\" allow=\"accelerometer; autoplay; clipboard-write; encrypted-media; gyroscope; picture-in-picture\" allowfullscreen src=\"data:image\/svg+xml;base64,PHN2ZyB3aWR0aD0iMSIgaGVpZ2h0PSIxIiB4bWxucz0iaHR0cDovL3d3dy53My5vcmcvMjAwMC9zdmciPjwvc3ZnPg==\" class=\"lazyload\" data-load-mode=\"1\"><\/iframe>\n<\/div><\/figure>\n\n\n\n<div class=\"wp-block-columns is-layout-flex wp-container-core-columns-is-layout-9d6595d7 wp-block-columns-is-layout-flex\">\n<div class=\"wp-block-column is-layout-flow wp-block-column-is-layout-flow\" style=\"flex-basis:66.66%\">\n<h2 class=\"wp-block-heading\">R\u00e9gion de s\u00e9curit\u00e9<\/h2>\n\n\n\n<p>Ce que tout le monde ne sait pas, c'est que le NRB fait partie de la r\u00e9gion de s\u00e9curit\u00e9. Nous pouvons \u00eatre d\u00e9ploy\u00e9s dans tout le pays en cas d'urgences majeures ou mineures, comme lors de la r\u00e9cente manifestation naturelle de patinage sur glace dans la r\u00e9gion de s\u00e9curit\u00e9 de Zuid Holland-Zuid. Des exercices annuels sont organis\u00e9s dans tout le pays, auxquels participe notre \u00e9quipe d'intervention d'urgence (disponible 24 heures sur 24 et 7 jours sur 7 tout au long de l'ann\u00e9e). Wim se souvient du d\u00e9ploiement lors de l'inondation de la rivi\u00e8re Maas dans le Limbourg pendant l'hiver 1993-1994. Nous avons aid\u00e9 les habitants \u00e0 sortir de leurs maisons. C'\u00e9tait un spectacle bizarre de naviguer dans des rues o\u00f9 l'on pouvait voir les lumi\u00e8res des arbres de No\u00ebl br\u00fbler dans des maisons abandonn\u00e9es\".<\/p>\n<\/div>\n\n\n\n<div class=\"wp-block-column is-layout-flow wp-block-column-is-layout-flow\" style=\"flex-basis:33.33%\">\n<figure class=\"wp-block-image size-large\"><img decoding=\"async\" width=\"331\" height=\"420\" data-src=\"https:\/\/www.reddingsbrigadenoordwijk.nl\/wp-content\/uploads\/2021\/03\/Limburg-331x420-1.jpg\" alt=\"\" class=\"wp-image-8888 lazyload\" data-srcset=\"https:\/\/www.reddingsbrigadenoordwijk.nl\/wp-content\/uploads\/2021\/03\/Limburg-331x420-1.jpg 331w, https:\/\/www.reddingsbrigadenoordwijk.nl\/wp-content\/uploads\/2021\/03\/Limburg-331x420-1-236x300.jpg 236w, https:\/\/www.reddingsbrigadenoordwijk.nl\/wp-content\/uploads\/2021\/03\/Limburg-331x420-1-9x12.jpg 9w\" data-sizes=\"(max-width: 331px) 100vw, 331px\" src=\"data:image\/svg+xml;base64,PHN2ZyB3aWR0aD0iMSIgaGVpZ2h0PSIxIiB4bWxucz0iaHR0cDovL3d3dy53My5vcmcvMjAwMC9zdmciPjwvc3ZnPg==\" style=\"--smush-placeholder-width: 331px; --smush-placeholder-aspect-ratio: 331\/420;\" \/><\/figure>\n<\/div>\n<\/div>\n\n\n\n<h2 class=\"wp-block-heading\">Agr\u00e9able et confortable<\/h2>\n\n\n\n<p>Teun Filemon a 16 ans et est sauveteur junior. Son initiation au sauvetage a commenc\u00e9 par des cours de natation \u00e0 la brigade. Apr\u00e8s avoir obtenu plusieurs dipl\u00f4mes de natation, dont celui de sauvetage, on le retrouve de plus en plus souvent sur la plage. \u00c0 13 ans, il est encore trop jeune pour suivre le cours de sauveteur junior, mais depuis deux ans, il joue le r\u00f4le d'une \"victime\" pendant les exercices pour acqu\u00e9rir de l'exp\u00e9rience. Teun : \"J'aime apprendre toutes sortes de m\u00e9thodes de sauvetage. Le sauvetage est un excellent moyen de passer du temps en \u00e9t\u00e9. C'est vari\u00e9 et amusant. C'est ce que vous en faites. Des corv\u00e9es autour du poste aux exercices de voile et aux sorties en mer avec des planches de sauvetage. Quand il fait beau, nous sortons souvent tous pour d\u00eener ou jouer au beach-volley. Tout le monde peut devenir ma\u00eetre-nageur ? Vous devez aimer la natation et passer un test de condition physique. Et vous ne devez pas avoir peur des hautes vagues ! Mais tu l'apprendras par toi-m\u00eame.<\/p>\n\n\n\n<figure class=\"wp-block-gallery columns-2 is-cropped wp-block-gallery-5 is-layout-flex wp-block-gallery-is-layout-flex\"><ul class=\"blocks-gallery-grid\"><li class=\"blocks-gallery-item\"><figure><img decoding=\"async\" width=\"538\" height=\"404\" data-src=\"https:\/\/www.reddingsbrigadenoordwijk.nl\/wp-content\/uploads\/2021\/03\/Naamloos-2.jpg\" alt=\"\" data-id=\"8849\" data-full-url=\"https:\/\/www.reddingsbrigadenoordwijk.nl\/wp-content\/uploads\/2021\/03\/Naamloos-2.jpg\" data-link=\"https:\/\/www.reddingsbrigadenoordwijk.nl\/?attachment_id=8849\" class=\"wp-image-8849 lazyload\" data-srcset=\"https:\/\/www.reddingsbrigadenoordwijk.nl\/wp-content\/uploads\/2021\/03\/Naamloos-2.jpg 538w, https:\/\/www.reddingsbrigadenoordwijk.nl\/wp-content\/uploads\/2021\/03\/Naamloos-2-300x225.jpg 300w, https:\/\/www.reddingsbrigadenoordwijk.nl\/wp-content\/uploads\/2021\/03\/Naamloos-2-16x12.jpg 16w\" data-sizes=\"(max-width: 538px) 100vw, 538px\" src=\"data:image\/svg+xml;base64,PHN2ZyB3aWR0aD0iMSIgaGVpZ2h0PSIxIiB4bWxucz0iaHR0cDovL3d3dy53My5vcmcvMjAwMC9zdmciPjwvc3ZnPg==\" style=\"--smush-placeholder-width: 538px; --smush-placeholder-aspect-ratio: 538\/404;\" \/><\/figure><\/li><li class=\"blocks-gallery-item\"><figure><img decoding=\"async\" width=\"960\" height=\"720\" data-src=\"https:\/\/www.reddingsbrigadenoordwijk.nl\/wp-content\/uploads\/2021\/03\/26230072_1958709764381638_3144514384168704530_n.jpg\" alt=\"\" data-id=\"8850\" data-full-url=\"https:\/\/www.reddingsbrigadenoordwijk.nl\/wp-content\/uploads\/2021\/03\/26230072_1958709764381638_3144514384168704530_n.jpg\" data-link=\"https:\/\/www.reddingsbrigadenoordwijk.nl\/?attachment_id=8850\" class=\"wp-image-8850 lazyload\" data-srcset=\"https:\/\/www.reddingsbrigadenoordwijk.nl\/wp-content\/uploads\/2021\/03\/26230072_1958709764381638_3144514384168704530_n.jpg 960w, https:\/\/www.reddingsbrigadenoordwijk.nl\/wp-content\/uploads\/2021\/03\/26230072_1958709764381638_3144514384168704530_n-300x225.jpg 300w, https:\/\/www.reddingsbrigadenoordwijk.nl\/wp-content\/uploads\/2021\/03\/26230072_1958709764381638_3144514384168704530_n-768x576.jpg 768w, https:\/\/www.reddingsbrigadenoordwijk.nl\/wp-content\/uploads\/2021\/03\/26230072_1958709764381638_3144514384168704530_n-16x12.jpg 16w, https:\/\/www.reddingsbrigadenoordwijk.nl\/wp-content\/uploads\/2021\/03\/26230072_1958709764381638_3144514384168704530_n-848x636.jpg 848w\" data-sizes=\"(max-width: 960px) 100vw, 960px\" src=\"data:image\/svg+xml;base64,PHN2ZyB3aWR0aD0iMSIgaGVpZ2h0PSIxIiB4bWxucz0iaHR0cDovL3d3dy53My5vcmcvMjAwMC9zdmciPjwvc3ZnPg==\" style=\"--smush-placeholder-width: 960px; --smush-placeholder-aspect-ratio: 960\/720;\" \/><\/figure><\/li><\/ul><\/figure>","protected":false},"excerpt":{"rendered":"<p>La brigade de sauvetage de Noordwijk (NRB) f\u00eatera son 100e anniversaire le mardi 9 mars.<\/p>","protected":false},"author":1,"featured_media":8841,"comment_status":"closed","ping_status":"closed","sticky":false,"template":"","format":"standard","meta":{"_acf_changed":false,"footnotes":""},"categories":[29],"tags":[],"class_list":["post-8838","post","type-post","status-publish","format-standard","has-post-thumbnail","hentry","category-100-jaar"],"acf":[],"yoast_head":"<!-- This site is optimized with the Yoast SEO plugin v27.5 - https:\/\/yoast.com\/product\/yoast-seo-wordpress\/ -->\n<title>Met vlag en wimpel 100 jaar Noordwijkse Reddingsbrigade - Reddingsbrigade Noordwijk<\/title>\n<meta name=\"description\" content=\"De Noordwijkse Reddingsbrigade met haar lifeguards is inmiddels niet meer weg te denken van het strand in Noordwijk. Vorige zomer bewees ze weer eens haar diensten, toen ze vele zwemmers en baders uit gevaarlijke muistromen haalde.\" \/>\n<meta name=\"robots\" content=\"index, follow, max-snippet:-1, max-image-preview:large, max-video-preview:-1\" \/>\n<link rel=\"canonical\" href=\"https:\/\/www.reddingsbrigadenoordwijk.nl\/fr\/archief\/met-vlag-en-wimpel-100-jaar-noordwijkse-reddingsbrigade\/\" \/>\n<meta property=\"og:locale\" content=\"fr_FR\" \/>\n<meta property=\"og:type\" content=\"article\" \/>\n<meta property=\"og:title\" content=\"Met vlag en wimpel 100 jaar Noordwijkse Reddingsbrigade - Reddingsbrigade Noordwijk\" \/>\n<meta property=\"og:description\" content=\"De Noordwijkse Reddingsbrigade met haar lifeguards is inmiddels niet meer weg te denken van het strand in Noordwijk. Vorige zomer bewees ze weer eens haar diensten, toen ze vele zwemmers en baders uit gevaarlijke muistromen haalde.\" \/>\n<meta property=\"og:url\" content=\"https:\/\/www.reddingsbrigadenoordwijk.nl\/fr\/archief\/met-vlag-en-wimpel-100-jaar-noordwijkse-reddingsbrigade\/\" \/>\n<meta property=\"og:site_name\" content=\"Reddingsbrigade Noordwijk\" \/>\n<meta property=\"article:published_time\" content=\"2021-03-10T20:44:43+00:00\" \/>\n<meta property=\"article:modified_time\" content=\"2021-05-26T02:15:53+00:00\" \/>\n<meta property=\"og:image\" content=\"https:\/\/www.reddingsbrigadenoordwijk.nl\/wp-content\/uploads\/2021\/03\/1955-1960-JO-MP-WS-en-Lenie-e1615409146294.jpg\" \/>\n\t<meta property=\"og:image:width\" content=\"1504\" \/>\n\t<meta property=\"og:image:height\" content=\"1009\" \/>\n\t<meta property=\"og:image:type\" content=\"image\/jpeg\" \/>\n<meta name=\"author\" content=\"Marijn Bitter\" \/>\n<meta name=\"twitter:card\" content=\"summary_large_image\" \/>\n<meta name=\"twitter:label1\" content=\"\u00c9crit par\" \/>\n\t<meta name=\"twitter:data1\" content=\"Marijn Bitter\" \/>\n\t<meta name=\"twitter:label2\" content=\"Dur\u00e9e de lecture estim\u00e9e\" \/>\n\t<meta name=\"twitter:data2\" content=\"7 minutes\" \/>\n<script type=\"application\/ld+json\" class=\"yoast-schema-graph\">{\"@context\":\"https:\\\/\\\/schema.org\",\"@graph\":[{\"@type\":\"Article\",\"@id\":\"https:\\\/\\\/www.reddingsbrigadenoordwijk.nl\\\/archief\\\/met-vlag-en-wimpel-100-jaar-noordwijkse-reddingsbrigade\\\/#article\",\"isPartOf\":{\"@id\":\"https:\\\/\\\/www.reddingsbrigadenoordwijk.nl\\\/archief\\\/met-vlag-en-wimpel-100-jaar-noordwijkse-reddingsbrigade\\\/\"},\"author\":{\"name\":\"Marijn Bitter\",\"@id\":\"https:\\\/\\\/www.reddingsbrigadenoordwijk.nl\\\/#\\\/schema\\\/person\\\/79fe29df437c1eba7b1337086d039caf\"},\"headline\":\"Met vlag en wimpel 100 jaar Noordwijkse Reddingsbrigade\",\"datePublished\":\"2021-03-10T20:44:43+00:00\",\"dateModified\":\"2021-05-26T02:15:53+00:00\",\"mainEntityOfPage\":{\"@id\":\"https:\\\/\\\/www.reddingsbrigadenoordwijk.nl\\\/archief\\\/met-vlag-en-wimpel-100-jaar-noordwijkse-reddingsbrigade\\\/\"},\"wordCount\":1026,\"image\":{\"@id\":\"https:\\\/\\\/www.reddingsbrigadenoordwijk.nl\\\/archief\\\/met-vlag-en-wimpel-100-jaar-noordwijkse-reddingsbrigade\\\/#primaryimage\"},\"thumbnailUrl\":\"https:\\\/\\\/www.reddingsbrigadenoordwijk.nl\\\/wp-content\\\/uploads\\\/2021\\\/03\\\/1955-1960-JO-MP-WS-en-Lenie-e1615409146294.jpg\",\"articleSection\":[\"100 Jaar\"],\"inLanguage\":\"fr-FR\"},{\"@type\":\"WebPage\",\"@id\":\"https:\\\/\\\/www.reddingsbrigadenoordwijk.nl\\\/archief\\\/met-vlag-en-wimpel-100-jaar-noordwijkse-reddingsbrigade\\\/\",\"url\":\"https:\\\/\\\/www.reddingsbrigadenoordwijk.nl\\\/archief\\\/met-vlag-en-wimpel-100-jaar-noordwijkse-reddingsbrigade\\\/\",\"name\":\"Met vlag en wimpel 100 jaar Noordwijkse Reddingsbrigade - Reddingsbrigade Noordwijk\",\"isPartOf\":{\"@id\":\"https:\\\/\\\/www.reddingsbrigadenoordwijk.nl\\\/#website\"},\"primaryImageOfPage\":{\"@id\":\"https:\\\/\\\/www.reddingsbrigadenoordwijk.nl\\\/archief\\\/met-vlag-en-wimpel-100-jaar-noordwijkse-reddingsbrigade\\\/#primaryimage\"},\"image\":{\"@id\":\"https:\\\/\\\/www.reddingsbrigadenoordwijk.nl\\\/archief\\\/met-vlag-en-wimpel-100-jaar-noordwijkse-reddingsbrigade\\\/#primaryimage\"},\"thumbnailUrl\":\"https:\\\/\\\/www.reddingsbrigadenoordwijk.nl\\\/wp-content\\\/uploads\\\/2021\\\/03\\\/1955-1960-JO-MP-WS-en-Lenie-e1615409146294.jpg\",\"datePublished\":\"2021-03-10T20:44:43+00:00\",\"dateModified\":\"2021-05-26T02:15:53+00:00\",\"author\":{\"@id\":\"https:\\\/\\\/www.reddingsbrigadenoordwijk.nl\\\/#\\\/schema\\\/person\\\/79fe29df437c1eba7b1337086d039caf\"},\"description\":\"De Noordwijkse Reddingsbrigade met haar lifeguards is inmiddels niet meer weg te denken van het strand in Noordwijk. Vorige zomer bewees ze weer eens haar diensten, toen ze vele zwemmers en baders uit gevaarlijke muistromen haalde.\",\"breadcrumb\":{\"@id\":\"https:\\\/\\\/www.reddingsbrigadenoordwijk.nl\\\/archief\\\/met-vlag-en-wimpel-100-jaar-noordwijkse-reddingsbrigade\\\/#breadcrumb\"},\"inLanguage\":\"fr-FR\",\"potentialAction\":[{\"@type\":\"ReadAction\",\"target\":[\"https:\\\/\\\/www.reddingsbrigadenoordwijk.nl\\\/archief\\\/met-vlag-en-wimpel-100-jaar-noordwijkse-reddingsbrigade\\\/\"]}]},{\"@type\":\"ImageObject\",\"inLanguage\":\"fr-FR\",\"@id\":\"https:\\\/\\\/www.reddingsbrigadenoordwijk.nl\\\/archief\\\/met-vlag-en-wimpel-100-jaar-noordwijkse-reddingsbrigade\\\/#primaryimage\",\"url\":\"https:\\\/\\\/www.reddingsbrigadenoordwijk.nl\\\/wp-content\\\/uploads\\\/2021\\\/03\\\/1955-1960-JO-MP-WS-en-Lenie-e1615409146294.jpg\",\"contentUrl\":\"https:\\\/\\\/www.reddingsbrigadenoordwijk.nl\\\/wp-content\\\/uploads\\\/2021\\\/03\\\/1955-1960-JO-MP-WS-en-Lenie-e1615409146294.jpg\",\"width\":1504,\"height\":1009},{\"@type\":\"BreadcrumbList\",\"@id\":\"https:\\\/\\\/www.reddingsbrigadenoordwijk.nl\\\/archief\\\/met-vlag-en-wimpel-100-jaar-noordwijkse-reddingsbrigade\\\/#breadcrumb\",\"itemListElement\":[{\"@type\":\"ListItem\",\"position\":1,\"name\":\"Home\",\"item\":\"https:\\\/\\\/www.reddingsbrigadenoordwijk.nl\\\/\"},{\"@type\":\"ListItem\",\"position\":2,\"name\":\"Met vlag en wimpel 100 jaar Noordwijkse Reddingsbrigade\"}]},{\"@type\":\"WebSite\",\"@id\":\"https:\\\/\\\/www.reddingsbrigadenoordwijk.nl\\\/#website\",\"url\":\"https:\\\/\\\/www.reddingsbrigadenoordwijk.nl\\\/\",\"name\":\"Reddingsbrigade Noordwijk\",\"description\":\"NRB\",\"potentialAction\":[{\"@type\":\"SearchAction\",\"target\":{\"@type\":\"EntryPoint\",\"urlTemplate\":\"https:\\\/\\\/www.reddingsbrigadenoordwijk.nl\\\/?s={search_term_string}\"},\"query-input\":{\"@type\":\"PropertyValueSpecification\",\"valueRequired\":true,\"valueName\":\"search_term_string\"}}],\"inLanguage\":\"fr-FR\"},{\"@type\":\"Person\",\"@id\":\"https:\\\/\\\/www.reddingsbrigadenoordwijk.nl\\\/#\\\/schema\\\/person\\\/79fe29df437c1eba7b1337086d039caf\",\"name\":\"Marijn Bitter\",\"image\":{\"@type\":\"ImageObject\",\"inLanguage\":\"fr-FR\",\"@id\":\"https:\\\/\\\/secure.gravatar.com\\\/avatar\\\/466ff1950760933ed953454159a758435d468e4e05ba887ae93c72c094ed2c0e?s=96&d=mm&r=g\",\"url\":\"https:\\\/\\\/secure.gravatar.com\\\/avatar\\\/466ff1950760933ed953454159a758435d468e4e05ba887ae93c72c094ed2c0e?s=96&d=mm&r=g\",\"contentUrl\":\"https:\\\/\\\/secure.gravatar.com\\\/avatar\\\/466ff1950760933ed953454159a758435d468e4e05ba887ae93c72c094ed2c0e?s=96&d=mm&r=g\",\"caption\":\"Marijn Bitter\"},\"sameAs\":[\"https:\\\/\\\/www.reddingsbrigadenoordwijk.nl\"],\"url\":\"https:\\\/\\\/www.reddingsbrigadenoordwijk.nl\\\/fr\\\/archief\\\/author\\\/marinosbitter\\\/\"}]}<\/script>\n<!-- \/ Yoast SEO plugin. -->","yoast_head_json":{"title":"100 ans de Reddingsbrigade Noordwijk - Reddingsbrigade Noordwijk","description":"La brigade de sauvetage de Noordwijk et ses sauveteurs sont devenus un \u00e9l\u00e9ment indispensable de la plage de Noordwijk. L'\u00e9t\u00e9 dernier, ils ont une fois de plus prouv\u00e9 leur valeur, en tirant de nombreux nageurs et baigneurs des brumes dangereuses.","robots":{"index":"index","follow":"follow","max-snippet":"max-snippet:-1","max-image-preview":"max-image-preview:large","max-video-preview":"max-video-preview:-1"},"canonical":"https:\/\/www.reddingsbrigadenoordwijk.nl\/fr\/archief\/met-vlag-en-wimpel-100-jaar-noordwijkse-reddingsbrigade\/","og_locale":"fr_FR","og_type":"article","og_title":"Met vlag en wimpel 100 jaar Noordwijkse Reddingsbrigade - Reddingsbrigade Noordwijk","og_description":"De Noordwijkse Reddingsbrigade met haar lifeguards is inmiddels niet meer weg te denken van het strand in Noordwijk. Vorige zomer bewees ze weer eens haar diensten, toen ze vele zwemmers en baders uit gevaarlijke muistromen haalde.","og_url":"https:\/\/www.reddingsbrigadenoordwijk.nl\/fr\/archief\/met-vlag-en-wimpel-100-jaar-noordwijkse-reddingsbrigade\/","og_site_name":"Reddingsbrigade Noordwijk","article_published_time":"2021-03-10T20:44:43+00:00","article_modified_time":"2021-05-26T02:15:53+00:00","og_image":[{"width":1504,"height":1009,"url":"https:\/\/www.reddingsbrigadenoordwijk.nl\/wp-content\/uploads\/2021\/03\/1955-1960-JO-MP-WS-en-Lenie-e1615409146294.jpg","type":"image\/jpeg"}],"author":"Marijn Bitter","twitter_card":"summary_large_image","twitter_misc":{"\u00c9crit par":"Marijn Bitter","Dur\u00e9e de lecture estim\u00e9e":"7 minutes"},"schema":{"@context":"https:\/\/schema.org","@graph":[{"@type":"Article","@id":"https:\/\/www.reddingsbrigadenoordwijk.nl\/archief\/met-vlag-en-wimpel-100-jaar-noordwijkse-reddingsbrigade\/#article","isPartOf":{"@id":"https:\/\/www.reddingsbrigadenoordwijk.nl\/archief\/met-vlag-en-wimpel-100-jaar-noordwijkse-reddingsbrigade\/"},"author":{"name":"Marijn Bitter","@id":"https:\/\/www.reddingsbrigadenoordwijk.nl\/#\/schema\/person\/79fe29df437c1eba7b1337086d039caf"},"headline":"Met vlag en wimpel 100 jaar Noordwijkse Reddingsbrigade","datePublished":"2021-03-10T20:44:43+00:00","dateModified":"2021-05-26T02:15:53+00:00","mainEntityOfPage":{"@id":"https:\/\/www.reddingsbrigadenoordwijk.nl\/archief\/met-vlag-en-wimpel-100-jaar-noordwijkse-reddingsbrigade\/"},"wordCount":1026,"image":{"@id":"https:\/\/www.reddingsbrigadenoordwijk.nl\/archief\/met-vlag-en-wimpel-100-jaar-noordwijkse-reddingsbrigade\/#primaryimage"},"thumbnailUrl":"https:\/\/www.reddingsbrigadenoordwijk.nl\/wp-content\/uploads\/2021\/03\/1955-1960-JO-MP-WS-en-Lenie-e1615409146294.jpg","articleSection":["100 Jaar"],"inLanguage":"fr-FR"},{"@type":"WebPage","@id":"https:\/\/www.reddingsbrigadenoordwijk.nl\/archief\/met-vlag-en-wimpel-100-jaar-noordwijkse-reddingsbrigade\/","url":"https:\/\/www.reddingsbrigadenoordwijk.nl\/archief\/met-vlag-en-wimpel-100-jaar-noordwijkse-reddingsbrigade\/","name":"100 ans de Reddingsbrigade Noordwijk - Reddingsbrigade Noordwijk","isPartOf":{"@id":"https:\/\/www.reddingsbrigadenoordwijk.nl\/#website"},"primaryImageOfPage":{"@id":"https:\/\/www.reddingsbrigadenoordwijk.nl\/archief\/met-vlag-en-wimpel-100-jaar-noordwijkse-reddingsbrigade\/#primaryimage"},"image":{"@id":"https:\/\/www.reddingsbrigadenoordwijk.nl\/archief\/met-vlag-en-wimpel-100-jaar-noordwijkse-reddingsbrigade\/#primaryimage"},"thumbnailUrl":"https:\/\/www.reddingsbrigadenoordwijk.nl\/wp-content\/uploads\/2021\/03\/1955-1960-JO-MP-WS-en-Lenie-e1615409146294.jpg","datePublished":"2021-03-10T20:44:43+00:00","dateModified":"2021-05-26T02:15:53+00:00","author":{"@id":"https:\/\/www.reddingsbrigadenoordwijk.nl\/#\/schema\/person\/79fe29df437c1eba7b1337086d039caf"},"description":"La brigade de sauvetage de Noordwijk et ses sauveteurs sont devenus un \u00e9l\u00e9ment indispensable de la plage de Noordwijk. L'\u00e9t\u00e9 dernier, ils ont une fois de plus prouv\u00e9 leur valeur, en tirant de nombreux nageurs et baigneurs des brumes dangereuses.","breadcrumb":{"@id":"https:\/\/www.reddingsbrigadenoordwijk.nl\/archief\/met-vlag-en-wimpel-100-jaar-noordwijkse-reddingsbrigade\/#breadcrumb"},"inLanguage":"fr-FR","potentialAction":[{"@type":"ReadAction","target":["https:\/\/www.reddingsbrigadenoordwijk.nl\/archief\/met-vlag-en-wimpel-100-jaar-noordwijkse-reddingsbrigade\/"]}]},{"@type":"ImageObject","inLanguage":"fr-FR","@id":"https:\/\/www.reddingsbrigadenoordwijk.nl\/archief\/met-vlag-en-wimpel-100-jaar-noordwijkse-reddingsbrigade\/#primaryimage","url":"https:\/\/www.reddingsbrigadenoordwijk.nl\/wp-content\/uploads\/2021\/03\/1955-1960-JO-MP-WS-en-Lenie-e1615409146294.jpg","contentUrl":"https:\/\/www.reddingsbrigadenoordwijk.nl\/wp-content\/uploads\/2021\/03\/1955-1960-JO-MP-WS-en-Lenie-e1615409146294.jpg","width":1504,"height":1009},{"@type":"BreadcrumbList","@id":"https:\/\/www.reddingsbrigadenoordwijk.nl\/archief\/met-vlag-en-wimpel-100-jaar-noordwijkse-reddingsbrigade\/#breadcrumb","itemListElement":[{"@type":"ListItem","position":1,"name":"Home","item":"https:\/\/www.reddingsbrigadenoordwijk.nl\/"},{"@type":"ListItem","position":2,"name":"Met vlag en wimpel 100 jaar Noordwijkse Reddingsbrigade"}]},{"@type":"WebSite","@id":"https:\/\/www.reddingsbrigadenoordwijk.nl\/#website","url":"https:\/\/www.reddingsbrigadenoordwijk.nl\/","name":"\u00c9quipe de sauvetage de Noordwijk","description":"NRB","potentialAction":[{"@type":"SearchAction","target":{"@type":"EntryPoint","urlTemplate":"https:\/\/www.reddingsbrigadenoordwijk.nl\/?s={search_term_string}"},"query-input":{"@type":"PropertyValueSpecification","valueRequired":true,"valueName":"search_term_string"}}],"inLanguage":"fr-FR"},{"@type":"Person","@id":"https:\/\/www.reddingsbrigadenoordwijk.nl\/#\/schema\/person\/79fe29df437c1eba7b1337086d039caf","name":"Marijn Bitter","image":{"@type":"ImageObject","inLanguage":"fr-FR","@id":"https:\/\/secure.gravatar.com\/avatar\/466ff1950760933ed953454159a758435d468e4e05ba887ae93c72c094ed2c0e?s=96&d=mm&r=g","url":"https:\/\/secure.gravatar.com\/avatar\/466ff1950760933ed953454159a758435d468e4e05ba887ae93c72c094ed2c0e?s=96&d=mm&r=g","contentUrl":"https:\/\/secure.gravatar.com\/avatar\/466ff1950760933ed953454159a758435d468e4e05ba887ae93c72c094ed2c0e?s=96&d=mm&r=g","caption":"Marijn Bitter"},"sameAs":["https:\/\/www.reddingsbrigadenoordwijk.nl"],"url":"https:\/\/www.reddingsbrigadenoordwijk.nl\/fr\/archief\/author\/marinosbitter\/"}]}},"_links":{"self":[{"href":"https:\/\/www.reddingsbrigadenoordwijk.nl\/fr\/wp-json\/wp\/v2\/posts\/8838","targetHints":{"allow":["GET"]}}],"collection":[{"href":"https:\/\/www.reddingsbrigadenoordwijk.nl\/fr\/wp-json\/wp\/v2\/posts"}],"about":[{"href":"https:\/\/www.reddingsbrigadenoordwijk.nl\/fr\/wp-json\/wp\/v2\/types\/post"}],"author":[{"embeddable":true,"href":"https:\/\/www.reddingsbrigadenoordwijk.nl\/fr\/wp-json\/wp\/v2\/users\/1"}],"replies":[{"embeddable":true,"href":"https:\/\/www.reddingsbrigadenoordwijk.nl\/fr\/wp-json\/wp\/v2\/comments?post=8838"}],"version-history":[{"count":0,"href":"https:\/\/www.reddingsbrigadenoordwijk.nl\/fr\/wp-json\/wp\/v2\/posts\/8838\/revisions"}],"wp:featuredmedia":[{"embeddable":true,"href":"https:\/\/www.reddingsbrigadenoordwijk.nl\/fr\/wp-json\/wp\/v2\/media\/8841"}],"wp:attachment":[{"href":"https:\/\/www.reddingsbrigadenoordwijk.nl\/fr\/wp-json\/wp\/v2\/media?parent=8838"}],"wp:term":[{"taxonomy":"category","embeddable":true,"href":"https:\/\/www.reddingsbrigadenoordwijk.nl\/fr\/wp-json\/wp\/v2\/categories?post=8838"},{"taxonomy":"post_tag","embeddable":true,"href":"https:\/\/www.reddingsbrigadenoordwijk.nl\/fr\/wp-json\/wp\/v2\/tags?post=8838"}],"curies":[{"name":"wp","href":"https:\/\/api.w.org\/{rel}","templated":true}]}}