{"id":7102,"date":"2016-01-02T12:47:00","date_gmt":"2016-01-02T11:47:00","guid":{"rendered":"https:\/\/www.reddingsbrigadenoordwijk.nl\/?p=7102"},"modified":"2021-02-09T21:21:28","modified_gmt":"2021-02-09T20:21:28","slug":"jaaroverzicht-2015","status":"publish","type":"post","link":"https:\/\/www.reddingsbrigadenoordwijk.nl\/fr\/archief\/examen-annuel-2015\/","title":{"rendered":"Bilan annuel 2015"},"content":{"rendered":"<p>Sur cette page, vous trouverez un aper\u00e7u des \u00e9v\u00e9nements et des manifestations de 2015.<\/p>\n\n\n\n<h2 class=\"wp-block-heading\">Mai 2015<\/h2>\n\n\n\n<figure class=\"wp-block-table\"><table><tbody><tr><td>Dimanche 2<\/td><td>Journ\u00e9e du bateau de sauvetage KNRM<\/td><\/tr><tr><td>Ma 4<\/td><td>Comm\u00e9moration<\/td><\/tr><tr><td>Di 5<\/td><td>Journ\u00e9e de la lib\u00e9ration<\/td><\/tr><tr><td>Ven 8<\/td><td>ALV NRB<\/td><\/tr><tr><td>Lun 11<\/td><td>Soir\u00e9e mat\u00e9riel de 20h00 \u00e0 22h00<\/td><\/tr><tr><td>Faire 14<\/td><td>Ascension<\/td><\/tr><tr><td>Vendredi 15<\/td><td>R\u00e9union de l'\u00e9quipe d'urgence<\/td><\/tr><tr><td>lun 18<\/td><td>Soir\u00e9e mat\u00e9riel de 20h00 \u00e0 22h00<\/td><\/tr><tr><td>Dim 23<\/td><td><a href=\"https:\/\/www.reddingsbrigadenoordwijk.nl\/fr\/leden\/agenda\/kbo-2015\/\">Kiteboard ouvert<\/a><\/td><\/tr><tr><td>Dimanche 24<\/td><td><a href=\"https:\/\/www.reddingsbrigadenoordwijk.nl\/fr\/leden\/agenda\/kbo-2015\/\">Kiteboard ouvert le dimanche de Pentec\u00f4te<\/a><\/td><\/tr><tr><td>Lun 25<\/td><td><a href=\"https:\/\/www.reddingsbrigadenoordwijk.nl\/fr\/leden\/agenda\/kbo-2015\/\">Kiteboard ouvert le lundi de Pentec\u00f4te<\/a><\/td><\/tr><\/tbody><\/table><\/figure>\n\n\n\n<h2 class=\"wp-block-heading\">Juin 2015<\/h2>\n\n\n\n<figure class=\"wp-block-table\"><table><tbody><tr><td>Dimanche 6<\/td><td>Exercice IRB<\/td><\/tr><tr><td>Ma 8<\/td><td>Soir\u00e9e mat\u00e9riel de 20h00 \u00e0 22h00<\/td><\/tr><tr><td>Faire 11<\/td><td>Course de la plage de Star Balm<\/td><\/tr><tr><td>Dimanche 13<\/td><td>Tennis de plage ouvert Cool Costa<\/td><\/tr><tr><td>Lun 15<\/td><td>Soir\u00e9e mat\u00e9riel de 20h00 \u00e0 22h00<\/td><\/tr><tr><td>Faire 18<\/td><td>Course de la plage de Star Balm<\/td><\/tr><tr><td>Dimanche 20<\/td><td>Korfball de plage, Cool Costa<\/td><\/tr><tr><td>Dimanche 20<\/td><td>Tournoi de volley-ball de plage beach break<\/td><\/tr><tr><td>Dimanche 21<\/td><td>Comp\u00e9tition de surf de KSN<\/td><\/tr><tr><td>lun 22<\/td><td>Soir\u00e9e mat\u00e9riel de 20h00 \u00e0 22h00<\/td><\/tr><tr><td>Faire 25<\/td><td>Course de la plage de Star Balm<\/td><\/tr><tr><td>Lun 29<\/td><td>Soir\u00e9e mat\u00e9riel de 20h00 \u00e0 22h00<\/td><\/tr><tr><td>Lun 29<\/td><td><a href=\"https:\/\/www.reddingsbrigadenoordwijk.nl\/fr\/collecte-nrb\/\">Collection NRB<\/a><\/td><\/tr><tr><td>Di 30<\/td><td><a href=\"https:\/\/www.reddingsbrigadenoordwijk.nl\/fr\/collecte-nrb\/\">Collection NRB<\/a><\/td><\/tr><\/tbody><\/table><\/figure>\n\n\n\n<h2 class=\"wp-block-heading\">Juillet 2015<\/h2>\n\n\n\n<figure class=\"wp-block-table\"><table><tbody><tr><td>Wo 1<\/td><td><a href=\"https:\/\/www.reddingsbrigadenoordwijk.nl\/fr\/collecte-nrb\/\">Collection NRB<\/a><\/td><\/tr><tr><td>Faire 2<\/td><td>Course de la plage de Star Balm<\/td><\/tr><tr><td>Faire 2<\/td><td><a href=\"https:\/\/www.reddingsbrigadenoordwijk.nl\/fr\/collecte-nrb\/\">Collection NRB<\/a><\/td><\/tr><tr><td>Fri 3<\/td><td><a href=\"https:\/\/www.reddingsbrigadenoordwijk.nl\/fr\/collecte-nrb\/\">Collection NRB<\/a><\/td><\/tr><tr><td>Soleil 4<\/td><td>F\u00eate de la plage \u00e0 Horesca Horecavo<\/td><\/tr><tr><td>Soleil 4<\/td><td><a href=\"https:\/\/www.reddingsbrigadenoordwijk.nl\/fr\/lifeguard-examen\/\">Examen de sauveteur<\/a><\/td><\/tr><tr><td>Zo 5<\/td><td>Triathlon Noordwijkerhout<\/td><\/tr><tr><td>Ma 6<\/td><td>Soir\u00e9e mat\u00e9riel de 20h00 \u00e0 22h00<\/td><\/tr><tr><td>Ma 9<\/td><td>Course de la plage de Star Balm<\/td><\/tr><tr><td>Dimanche 11<\/td><td>Katwijk SAR<\/td><\/tr><tr><td>Dimanche 12<\/td><td>Marathon de la plage<\/td><\/tr><tr><td>Lun 13<\/td><td>Soir\u00e9e mat\u00e9riel de 20h00 \u00e0 22h00<\/td><\/tr><tr><td>Faire 16<\/td><td>Course de la plage de Star Balm<\/td><\/tr><tr><td>Dimanche 18<\/td><td>ZVN Katwijk Noordwijk<\/td><\/tr><tr><td>Dim 19<\/td><td>ZVN Katwijk Noordwijk<\/td><\/tr><tr><td>Lun 20<\/td><td>Soir\u00e9e mat\u00e9riel de 20h00 \u00e0 22h00<\/td><\/tr><tr><td>Faire 23<\/td><td>Course de la plage de Star Balm<\/td><\/tr><tr><td>Lun 27<\/td><td>Soir\u00e9e mat\u00e9riel de 20h00 \u00e0 22h00<\/td><\/tr><tr><td>Faites 30<\/td><td>Course de la plage de Star Balm<\/td><\/tr><\/tbody><\/table><\/figure>\n\n\n\n<h2 class=\"wp-block-heading\">Ao\u00fbt 2015<\/h2>\n\n\n\n<figure class=\"wp-block-table\"><table><tbody><tr><td>Za 1<\/td><td>Combattre la mer<\/td><\/tr><tr><td>Zo 2<\/td><td>Post sit sortie 21<\/td><\/tr><tr><td>Ma 3<\/td><td>Post sit sortie 21<\/td><\/tr><tr><td>Ma 3<\/td><td>Soir\u00e9e mat\u00e9riel de 20h00 \u00e0 22h00<\/td><\/tr><tr><td>Faire 6<\/td><td>Course de la plage de Star Balm<\/td><\/tr><tr><td>Faire 13<\/td><td>Course de la plage de Star Balm<\/td><\/tr><tr><td>Dimanche 15<\/td><td>Eneco Luchterduinen (course de freins)<\/td><\/tr><tr><td>Lun 17<\/td><td>Soir\u00e9e mat\u00e9riel de 20h00 \u00e0 22h00<\/td><\/tr><tr><td>Mer 19<\/td><td>Sail Parade Amsterdam<\/td><\/tr><tr><td>Dimanche 22<\/td><td>NK HOBIE CAT<\/td><\/tr><tr><td>Dimanche 22<\/td><td>Tacoyo on the Beach de klink Horesca Beach Party<\/td><\/tr><tr><td>Dim 23<\/td><td>NK HOBIE CAT<\/td><\/tr><tr><td>Lun 24<\/td><td>Soir\u00e9e mat\u00e9riel de 20h00 \u00e0 22h00<\/td><\/tr><tr><td>Lun 29<\/td><td>\u00c9v\u00e9nements Open NK Ocean 2015<\/td><\/tr><tr><td>Zo 30<\/td><td>\u00c9v\u00e9nements Open NK Ocean 2015<\/td><\/tr><tr><td>Lun 31<\/td><td>Soir\u00e9e mat\u00e9riel de 20h00 \u00e0 22h00<\/td><\/tr><\/tbody><\/table><\/figure>\n\n\n\n<h2 class=\"wp-block-heading\">Septembre 2015<\/h2>\n\n\n\n<figure class=\"wp-block-table\"><table><tbody><tr><td>Wo 2<\/td><td>D\u00e9but des cours de natation<\/td><\/tr><tr><td>Ma 7<\/td><td>Soir\u00e9e mat\u00e9riel de 20h00 \u00e0 22h00<\/td><\/tr><tr><td>Dimanche 13<\/td><td>P\u00eache de la journ\u00e9e des dames<\/td><\/tr><tr><td>Ma 14<\/td><td>Soir\u00e9e mat\u00e9riel de 20h00 \u00e0 22h00<\/td><\/tr><tr><td>Lun 21<\/td><td>Soir\u00e9e mat\u00e9riel de 20h00 \u00e0 22h00<\/td><\/tr><tr><td>Dimanche 26<\/td><td>Concours de couple 9.00 \u00e0 16.00<\/td><\/tr><tr><td>Lun 28<\/td><td>Soir\u00e9e mat\u00e9riel de 20h00 \u00e0 22h00<\/td><\/tr><\/tbody><\/table><\/figure>\n\n\n\n<h2 class=\"wp-block-heading\">Octobre 2015<\/h2>\n\n\n\n<figure class=\"wp-block-table\"><table><tbody><tr><td>Soleil 3<\/td><td>NK P\u00eache c\u00f4ti\u00e8re Langvelderslag 10.00 \u00e0 16.00 heures<\/td><\/tr><tr><td>Zo 4<\/td><td>p\u00eache sur la plage 8.30 \u00e0 12.30 heures<\/td><\/tr><tr><td>Ma 5<\/td><td>Soir\u00e9e mat\u00e9riel de 20h00 \u00e0 22h00<\/td><\/tr><tr><td>Dimanche 11<\/td><td>p\u00eache sur la plage 8.30 \u00e0 12.30 heures<\/td><\/tr><tr><td>Lun 12<\/td><td>Soir\u00e9e mat\u00e9riel de 20h00 \u00e0 22h00<\/td><\/tr><tr><td>Ma 19<\/td><td>Soir\u00e9e mat\u00e9riel de 20h00 \u00e0 22h00<\/td><\/tr><tr><td>Zo 25<\/td><td>p\u00eache sur la plage 8.30 \u00e0 12.30 heures<\/td><\/tr><tr><td>Lun 26<\/td><td>Soir\u00e9e mat\u00e9riel de 20h00 \u00e0 22h00<\/td><\/tr><\/tbody><\/table><\/figure>\n\n\n\n<h2 class=\"wp-block-heading\">Novembre 2015<\/h2>\n\n\n\n<figure class=\"wp-block-table\"><table><tbody><tr><td>Zo 1<\/td><td>Novbeach duathlon Nederzandt beach fishing 8.30 \u00e0 12.30 hrs<\/td><\/tr><tr><td>Ma 2<\/td><td>Exercice national en coop\u00e9ration avec la D\u00e9fense<\/td><\/tr><tr><td>Ma 2<\/td><td>Soir\u00e9e mat\u00e9riel de 20h00 \u00e0 22h00<\/td><\/tr><tr><td>Ma 9<\/td><td>Soir\u00e9e mat\u00e9riel de 20h00 \u00e0 22h00<\/td><\/tr><tr><td>Dimanche 14<\/td><td>Entr\u00e9e de Sinterklaas<\/td><\/tr><tr><td>Zo 15<\/td><td>P\u00eache sur la plage 8.30 \u00e0 12.30 hrs<\/td><\/tr><tr><td>Lun 16<\/td><td>Soir\u00e9e mat\u00e9riel de 20h00 \u00e0 22h00<\/td><\/tr><tr><td>lun 23<\/td><td>Soir\u00e9e mat\u00e9riel de 20h00 \u00e0 22h00<\/td><\/tr><tr><td>Dimanche 29<\/td><td>P\u00eache sur la plage 8.30 \u00e0 12.30 hrs<\/td><\/tr><tr><td>Lun 30<\/td><td>Soir\u00e9e mat\u00e9riel de 20h00 \u00e0 22h00<\/td><\/tr><\/tbody><\/table><\/figure>\n\n\n\n<h2 class=\"wp-block-heading\">D\u00e9cembre 2015<\/h2>\n\n\n\n<figure class=\"wp-block-table\"><table><tbody><tr><td>Ma 7<\/td><td>Soir\u00e9e mat\u00e9riel de 20h00 \u00e0 22h00<\/td><\/tr><tr><td>Dimanche 13<\/td><td>Mitsubishi MTB Beach race Beach fishing 8.30 \u00e0 12.30<\/td><\/tr><tr><td>Ma 14<\/td><td>Soir\u00e9e mat\u00e9riel de 20h00 \u00e0 22h00<\/td><\/tr><tr><td>Zo 20<\/td><td>P\u00eache de No\u00ebl sur la plage de 8h30 \u00e0 12h30.<\/td><\/tr><tr><td>Lun 21<\/td><td>Soir\u00e9e mat\u00e9riel de 20h00 \u00e0 22h00<\/td><\/tr><tr><td>Ven 25<\/td><td>1er jour de No\u00ebl<\/td><\/tr><tr><td>Dimanche 26<\/td><td>2\u00e8me jour de No\u00ebl<\/td><\/tr><tr><td>Lun 28<\/td><td>Soir\u00e9e mat\u00e9riel de 20h00 \u00e0 22h00<\/td><\/tr><tr><td>Do 31<\/td><td>Nouvelle ann\u00e9e<\/td><\/tr><tr><td>Fri 1<\/td><td>Sortie du Nouvel An \u00e0 la sortie 18 11.00 hrs<\/td><\/tr><tr><td>Fri 1<\/td><td>Plong\u00e9e du Nouvel An Nederzandt 13h00.<\/td><\/tr><\/tbody><\/table><\/figure>\n\n\n\n\n\n\n\n\n\n\n<p><!--vcv no format--><\/p>","protected":false},"excerpt":{"rendered":"<p>Op deze pagina vindt je een overzicht van de evenementen en gebeurtenissen van 2015. Mei 2015 Za 2 KNRM Reddingbootdag Ma 4 Dodenherdenking Di 5 Bevrijdingsdag Vr 8 ALV NRB Ma 11 Materiaalavond 20.00 tot 22.00 uur Do 14 Hemelvaart Vr 15 Alarmploeg vergadering Ma 18 Materiaalavond 20.00 tot 22.00 uur Za 23 Kiteboard open [&hellip;]<\/p>\n","protected":false},"author":1,"featured_media":3669,"comment_status":"open","ping_status":"closed","sticky":false,"template":"","format":"standard","meta":{"_acf_changed":false,"footnotes":""},"categories":[13],"tags":[12],"class_list":["post-7102","post","type-post","status-publish","format-standard","has-post-thumbnail","hentry","category-rapportages","tag-jaaroverzicht"],"acf":[],"yoast_head":"<!-- This site is optimized with the Yoast SEO plugin v27.5 - https:\/\/yoast.com\/product\/yoast-seo-wordpress\/ -->\n<title>Jaaroverzicht 2015 - Reddingsbrigade Noordwijk<\/title>\n<meta name=\"robots\" content=\"index, follow, max-snippet:-1, max-image-preview:large, max-video-preview:-1\" \/>\n<link rel=\"canonical\" href=\"https:\/\/www.reddingsbrigadenoordwijk.nl\/fr\/archief\/jaaroverzicht-2015\/\" \/>\n<meta property=\"og:locale\" content=\"fr_FR\" \/>\n<meta property=\"og:type\" content=\"article\" \/>\n<meta property=\"og:title\" content=\"Jaaroverzicht 2015 - Reddingsbrigade Noordwijk\" \/>\n<meta property=\"og:description\" content=\"Op deze pagina vindt je een overzicht van de evenementen en gebeurtenissen van 2015. Mei 2015 Za 2 KNRM Reddingbootdag Ma 4 Dodenherdenking Di 5 Bevrijdingsdag Vr 8 ALV NRB Ma 11 Materiaalavond 20.00 tot 22.00 uur Do 14 Hemelvaart Vr 15 Alarmploeg vergadering Ma 18 Materiaalavond 20.00 tot 22.00 uur Za 23 Kiteboard open [&hellip;]\" \/>\n<meta property=\"og:url\" content=\"https:\/\/www.reddingsbrigadenoordwijk.nl\/fr\/archief\/jaaroverzicht-2015\/\" \/>\n<meta property=\"og:site_name\" content=\"Reddingsbrigade Noordwijk\" \/>\n<meta property=\"article:published_time\" content=\"2016-01-02T11:47:00+00:00\" \/>\n<meta property=\"article:modified_time\" content=\"2021-02-09T20:21:28+00:00\" \/>\n<meta name=\"author\" content=\"Marijn Bitter\" \/>\n<meta name=\"twitter:card\" content=\"summary_large_image\" \/>\n<meta name=\"twitter:label1\" content=\"\u00c9crit par\" \/>\n\t<meta name=\"twitter:data1\" content=\"Marijn Bitter\" \/>\n\t<meta name=\"twitter:label2\" content=\"Dur\u00e9e de lecture estim\u00e9e\" \/>\n\t<meta name=\"twitter:data2\" content=\"3 minutes\" \/>\n<script type=\"application\/ld+json\" class=\"yoast-schema-graph\">{\"@context\":\"https:\\\/\\\/schema.org\",\"@graph\":[{\"@type\":\"Article\",\"@id\":\"https:\\\/\\\/www.reddingsbrigadenoordwijk.nl\\\/archief\\\/jaaroverzicht-2015\\\/#article\",\"isPartOf\":{\"@id\":\"https:\\\/\\\/www.reddingsbrigadenoordwijk.nl\\\/archief\\\/jaaroverzicht-2015\\\/\"},\"author\":{\"name\":\"Marijn Bitter\",\"@id\":\"https:\\\/\\\/www.reddingsbrigadenoordwijk.nl\\\/#\\\/schema\\\/person\\\/79fe29df437c1eba7b1337086d039caf\"},\"headline\":\"Jaaroverzicht 2015\",\"datePublished\":\"2016-01-02T11:47:00+00:00\",\"dateModified\":\"2021-02-09T20:21:28+00:00\",\"mainEntityOfPage\":{\"@id\":\"https:\\\/\\\/www.reddingsbrigadenoordwijk.nl\\\/archief\\\/jaaroverzicht-2015\\\/\"},\"wordCount\":403,\"commentCount\":0,\"image\":{\"@id\":\"https:\\\/\\\/www.reddingsbrigadenoordwijk.nl\\\/archief\\\/jaaroverzicht-2015\\\/#primaryimage\"},\"thumbnailUrl\":\"\",\"keywords\":[\"Jaaroverzicht\"],\"articleSection\":[\"Rapportages\"],\"inLanguage\":\"fr-FR\",\"potentialAction\":[{\"@type\":\"CommentAction\",\"name\":\"Comment\",\"target\":[\"https:\\\/\\\/www.reddingsbrigadenoordwijk.nl\\\/archief\\\/jaaroverzicht-2015\\\/#respond\"]}]},{\"@type\":\"WebPage\",\"@id\":\"https:\\\/\\\/www.reddingsbrigadenoordwijk.nl\\\/archief\\\/jaaroverzicht-2015\\\/\",\"url\":\"https:\\\/\\\/www.reddingsbrigadenoordwijk.nl\\\/archief\\\/jaaroverzicht-2015\\\/\",\"name\":\"Jaaroverzicht 2015 - Reddingsbrigade Noordwijk\",\"isPartOf\":{\"@id\":\"https:\\\/\\\/www.reddingsbrigadenoordwijk.nl\\\/#website\"},\"primaryImageOfPage\":{\"@id\":\"https:\\\/\\\/www.reddingsbrigadenoordwijk.nl\\\/archief\\\/jaaroverzicht-2015\\\/#primaryimage\"},\"image\":{\"@id\":\"https:\\\/\\\/www.reddingsbrigadenoordwijk.nl\\\/archief\\\/jaaroverzicht-2015\\\/#primaryimage\"},\"thumbnailUrl\":\"\",\"datePublished\":\"2016-01-02T11:47:00+00:00\",\"dateModified\":\"2021-02-09T20:21:28+00:00\",\"author\":{\"@id\":\"https:\\\/\\\/www.reddingsbrigadenoordwijk.nl\\\/#\\\/schema\\\/person\\\/79fe29df437c1eba7b1337086d039caf\"},\"breadcrumb\":{\"@id\":\"https:\\\/\\\/www.reddingsbrigadenoordwijk.nl\\\/archief\\\/jaaroverzicht-2015\\\/#breadcrumb\"},\"inLanguage\":\"fr-FR\",\"potentialAction\":[{\"@type\":\"ReadAction\",\"target\":[\"https:\\\/\\\/www.reddingsbrigadenoordwijk.nl\\\/archief\\\/jaaroverzicht-2015\\\/\"]}]},{\"@type\":\"ImageObject\",\"inLanguage\":\"fr-FR\",\"@id\":\"https:\\\/\\\/www.reddingsbrigadenoordwijk.nl\\\/archief\\\/jaaroverzicht-2015\\\/#primaryimage\",\"url\":\"\",\"contentUrl\":\"\"},{\"@type\":\"BreadcrumbList\",\"@id\":\"https:\\\/\\\/www.reddingsbrigadenoordwijk.nl\\\/archief\\\/jaaroverzicht-2015\\\/#breadcrumb\",\"itemListElement\":[{\"@type\":\"ListItem\",\"position\":1,\"name\":\"Home\",\"item\":\"https:\\\/\\\/www.reddingsbrigadenoordwijk.nl\\\/\"},{\"@type\":\"ListItem\",\"position\":2,\"name\":\"Jaaroverzicht 2015\"}]},{\"@type\":\"WebSite\",\"@id\":\"https:\\\/\\\/www.reddingsbrigadenoordwijk.nl\\\/#website\",\"url\":\"https:\\\/\\\/www.reddingsbrigadenoordwijk.nl\\\/\",\"name\":\"Reddingsbrigade Noordwijk\",\"description\":\"NRB\",\"potentialAction\":[{\"@type\":\"SearchAction\",\"target\":{\"@type\":\"EntryPoint\",\"urlTemplate\":\"https:\\\/\\\/www.reddingsbrigadenoordwijk.nl\\\/?s={search_term_string}\"},\"query-input\":{\"@type\":\"PropertyValueSpecification\",\"valueRequired\":true,\"valueName\":\"search_term_string\"}}],\"inLanguage\":\"fr-FR\"},{\"@type\":\"Person\",\"@id\":\"https:\\\/\\\/www.reddingsbrigadenoordwijk.nl\\\/#\\\/schema\\\/person\\\/79fe29df437c1eba7b1337086d039caf\",\"name\":\"Marijn Bitter\",\"image\":{\"@type\":\"ImageObject\",\"inLanguage\":\"fr-FR\",\"@id\":\"https:\\\/\\\/secure.gravatar.com\\\/avatar\\\/466ff1950760933ed953454159a758435d468e4e05ba887ae93c72c094ed2c0e?s=96&d=mm&r=g\",\"url\":\"https:\\\/\\\/secure.gravatar.com\\\/avatar\\\/466ff1950760933ed953454159a758435d468e4e05ba887ae93c72c094ed2c0e?s=96&d=mm&r=g\",\"contentUrl\":\"https:\\\/\\\/secure.gravatar.com\\\/avatar\\\/466ff1950760933ed953454159a758435d468e4e05ba887ae93c72c094ed2c0e?s=96&d=mm&r=g\",\"caption\":\"Marijn Bitter\"},\"sameAs\":[\"https:\\\/\\\/www.reddingsbrigadenoordwijk.nl\"],\"url\":\"https:\\\/\\\/www.reddingsbrigadenoordwijk.nl\\\/fr\\\/archief\\\/author\\\/marinosbitter\\\/\"}]}<\/script>\n<!-- \/ Yoast SEO plugin. -->","yoast_head_json":{"title":"Rapport annuel 2015 - Reddingsbrigade Noordwijk","robots":{"index":"index","follow":"follow","max-snippet":"max-snippet:-1","max-image-preview":"max-image-preview:large","max-video-preview":"max-video-preview:-1"},"canonical":"https:\/\/www.reddingsbrigadenoordwijk.nl\/fr\/archief\/jaaroverzicht-2015\/","og_locale":"fr_FR","og_type":"article","og_title":"Jaaroverzicht 2015 - Reddingsbrigade Noordwijk","og_description":"Op deze pagina vindt je een overzicht van de evenementen en gebeurtenissen van 2015. Mei 2015 Za 2 KNRM Reddingbootdag Ma 4 Dodenherdenking Di 5 Bevrijdingsdag Vr 8 ALV NRB Ma 11 Materiaalavond 20.00 tot 22.00 uur Do 14 Hemelvaart Vr 15 Alarmploeg vergadering Ma 18 Materiaalavond 20.00 tot 22.00 uur Za 23 Kiteboard open [&hellip;]","og_url":"https:\/\/www.reddingsbrigadenoordwijk.nl\/fr\/archief\/jaaroverzicht-2015\/","og_site_name":"Reddingsbrigade Noordwijk","article_published_time":"2016-01-02T11:47:00+00:00","article_modified_time":"2021-02-09T20:21:28+00:00","author":"Marijn Bitter","twitter_card":"summary_large_image","twitter_misc":{"\u00c9crit par":"Marijn Bitter","Dur\u00e9e de lecture estim\u00e9e":"3 minutes"},"schema":{"@context":"https:\/\/schema.org","@graph":[{"@type":"Article","@id":"https:\/\/www.reddingsbrigadenoordwijk.nl\/archief\/jaaroverzicht-2015\/#article","isPartOf":{"@id":"https:\/\/www.reddingsbrigadenoordwijk.nl\/archief\/jaaroverzicht-2015\/"},"author":{"name":"Marijn Bitter","@id":"https:\/\/www.reddingsbrigadenoordwijk.nl\/#\/schema\/person\/79fe29df437c1eba7b1337086d039caf"},"headline":"Jaaroverzicht 2015","datePublished":"2016-01-02T11:47:00+00:00","dateModified":"2021-02-09T20:21:28+00:00","mainEntityOfPage":{"@id":"https:\/\/www.reddingsbrigadenoordwijk.nl\/archief\/jaaroverzicht-2015\/"},"wordCount":403,"commentCount":0,"image":{"@id":"https:\/\/www.reddingsbrigadenoordwijk.nl\/archief\/jaaroverzicht-2015\/#primaryimage"},"thumbnailUrl":"","keywords":["Jaaroverzicht"],"articleSection":["Rapportages"],"inLanguage":"fr-FR","potentialAction":[{"@type":"CommentAction","name":"Comment","target":["https:\/\/www.reddingsbrigadenoordwijk.nl\/archief\/jaaroverzicht-2015\/#respond"]}]},{"@type":"WebPage","@id":"https:\/\/www.reddingsbrigadenoordwijk.nl\/archief\/jaaroverzicht-2015\/","url":"https:\/\/www.reddingsbrigadenoordwijk.nl\/archief\/jaaroverzicht-2015\/","name":"Rapport annuel 2015 - Reddingsbrigade Noordwijk","isPartOf":{"@id":"https:\/\/www.reddingsbrigadenoordwijk.nl\/#website"},"primaryImageOfPage":{"@id":"https:\/\/www.reddingsbrigadenoordwijk.nl\/archief\/jaaroverzicht-2015\/#primaryimage"},"image":{"@id":"https:\/\/www.reddingsbrigadenoordwijk.nl\/archief\/jaaroverzicht-2015\/#primaryimage"},"thumbnailUrl":"","datePublished":"2016-01-02T11:47:00+00:00","dateModified":"2021-02-09T20:21:28+00:00","author":{"@id":"https:\/\/www.reddingsbrigadenoordwijk.nl\/#\/schema\/person\/79fe29df437c1eba7b1337086d039caf"},"breadcrumb":{"@id":"https:\/\/www.reddingsbrigadenoordwijk.nl\/archief\/jaaroverzicht-2015\/#breadcrumb"},"inLanguage":"fr-FR","potentialAction":[{"@type":"ReadAction","target":["https:\/\/www.reddingsbrigadenoordwijk.nl\/archief\/jaaroverzicht-2015\/"]}]},{"@type":"ImageObject","inLanguage":"fr-FR","@id":"https:\/\/www.reddingsbrigadenoordwijk.nl\/archief\/jaaroverzicht-2015\/#primaryimage","url":"","contentUrl":""},{"@type":"BreadcrumbList","@id":"https:\/\/www.reddingsbrigadenoordwijk.nl\/archief\/jaaroverzicht-2015\/#breadcrumb","itemListElement":[{"@type":"ListItem","position":1,"name":"Home","item":"https:\/\/www.reddingsbrigadenoordwijk.nl\/"},{"@type":"ListItem","position":2,"name":"Jaaroverzicht 2015"}]},{"@type":"WebSite","@id":"https:\/\/www.reddingsbrigadenoordwijk.nl\/#website","url":"https:\/\/www.reddingsbrigadenoordwijk.nl\/","name":"\u00c9quipe de sauvetage de Noordwijk","description":"NRB","potentialAction":[{"@type":"SearchAction","target":{"@type":"EntryPoint","urlTemplate":"https:\/\/www.reddingsbrigadenoordwijk.nl\/?s={search_term_string}"},"query-input":{"@type":"PropertyValueSpecification","valueRequired":true,"valueName":"search_term_string"}}],"inLanguage":"fr-FR"},{"@type":"Person","@id":"https:\/\/www.reddingsbrigadenoordwijk.nl\/#\/schema\/person\/79fe29df437c1eba7b1337086d039caf","name":"Marijn Bitter","image":{"@type":"ImageObject","inLanguage":"fr-FR","@id":"https:\/\/secure.gravatar.com\/avatar\/466ff1950760933ed953454159a758435d468e4e05ba887ae93c72c094ed2c0e?s=96&d=mm&r=g","url":"https:\/\/secure.gravatar.com\/avatar\/466ff1950760933ed953454159a758435d468e4e05ba887ae93c72c094ed2c0e?s=96&d=mm&r=g","contentUrl":"https:\/\/secure.gravatar.com\/avatar\/466ff1950760933ed953454159a758435d468e4e05ba887ae93c72c094ed2c0e?s=96&d=mm&r=g","caption":"Marijn Bitter"},"sameAs":["https:\/\/www.reddingsbrigadenoordwijk.nl"],"url":"https:\/\/www.reddingsbrigadenoordwijk.nl\/fr\/archief\/author\/marinosbitter\/"}]}},"_links":{"self":[{"href":"https:\/\/www.reddingsbrigadenoordwijk.nl\/fr\/wp-json\/wp\/v2\/posts\/7102","targetHints":{"allow":["GET"]}}],"collection":[{"href":"https:\/\/www.reddingsbrigadenoordwijk.nl\/fr\/wp-json\/wp\/v2\/posts"}],"about":[{"href":"https:\/\/www.reddingsbrigadenoordwijk.nl\/fr\/wp-json\/wp\/v2\/types\/post"}],"author":[{"embeddable":true,"href":"https:\/\/www.reddingsbrigadenoordwijk.nl\/fr\/wp-json\/wp\/v2\/users\/1"}],"replies":[{"embeddable":true,"href":"https:\/\/www.reddingsbrigadenoordwijk.nl\/fr\/wp-json\/wp\/v2\/comments?post=7102"}],"version-history":[{"count":0,"href":"https:\/\/www.reddingsbrigadenoordwijk.nl\/fr\/wp-json\/wp\/v2\/posts\/7102\/revisions"}],"wp:featuredmedia":[{"embeddable":true,"href":"https:\/\/www.reddingsbrigadenoordwijk.nl\/fr\/wp-json\/"}],"wp:attachment":[{"href":"https:\/\/www.reddingsbrigadenoordwijk.nl\/fr\/wp-json\/wp\/v2\/media?parent=7102"}],"wp:term":[{"taxonomy":"category","embeddable":true,"href":"https:\/\/www.reddingsbrigadenoordwijk.nl\/fr\/wp-json\/wp\/v2\/categories?post=7102"},{"taxonomy":"post_tag","embeddable":true,"href":"https:\/\/www.reddingsbrigadenoordwijk.nl\/fr\/wp-json\/wp\/v2\/tags?post=7102"}],"curies":[{"name":"wp","href":"https:\/\/api.w.org\/{rel}","templated":true}]}}