{"id":7095,"date":"2019-05-26T22:10:00","date_gmt":"2019-05-26T21:10:00","guid":{"rendered":"https:\/\/www.reddingsbrigadenoordwijk.nl\/?p=7095"},"modified":"2021-02-09T21:23:01","modified_gmt":"2021-02-09T20:23:01","slug":"collecteweek-noordwijkse-reddingsbrigade","status":"publish","type":"post","link":"https:\/\/www.reddingsbrigadenoordwijk.nl\/fr\/archief\/semaine-de-collecte-noordwijkse-rescue-brigade\/","title":{"rendered":"Semaine de collecte Brigade de sauvetage de Noordwijk"},"content":{"rendered":"<h2 class=\"wp-block-heading\">Du lundi 1er juillet au vendredi 5 juillet 2019<\/h2>\n\n\n\n<p>La brigade de sauvetage de Noordwijk surveille les plages de Noordwijk. Les sauveteurs patrouillent la plage et la mer \u00e0 pied, sur des roues et\/ou sur des bateaux. Il y a trois postes de plage permanents o\u00f9 vous pouvez vous rendre pour obtenir les premiers soins ou de plus amples informations sur les conditions m\u00e9t\u00e9orologiques, entre autres.<\/p>\n\n\n\n\n\n<p>La brigade de sauvetage de Noordwijk dispose de divers mat\u00e9riels avec lesquels les sauveteurs font leur travail, notamment des planches de sauvetage. Gr\u00e2ce \u00e0 ces planches, les sauveteurs peuvent sortir de l'eau rapidement et en toute s\u00e9curit\u00e9 un nageur en difficult\u00e9 ou une personne qui se noie. Les planches existantes doivent \u00eatre remplac\u00e9es. Le produit de la collecte 2019 servira \u00e0 l'achat de trois nouvelles planches de sauvetage.<\/p>\n\n\n\n\n\n\n<div class=\"vce-row-container\" data-vce-boxed-width=\"true\">\n<div class=\"vce-row vce-row--col-gap-30 vce-row-equal-height vce-row-columns--top vce-row-content--top\" id=\"el-04e3f59d\" data-vce-do-apply=\"all el-04e3f59d\">\n<div class=\"vce-row-content\" data-vce-element-content=\"true\">\n<div class=\"vce-col vce-col--md-auto vce-col--xs-1 vce-col--xs-last vce-col--xs-first vce-col--sm-last vce-col--sm-first vce-col--md-first vce-col--lg-first vce-col--xl-first\" id=\"el-fb4be2e3\">\n<div class=\"vce-col-inner\" data-vce-do-apply=\"border margin background  el-fb4be2e3\">\n<div class=\"vce-col-content\" data-vce-element-content=\"true\" data-vce-do-apply=\"padding el-fb4be2e3\">\n<div class=\"vce-text-block\">\n<div class=\"vce-text-block-wrapper vce\" id=\"el-4b498c2a\" data-vce-do-apply=\"all el-4b498c2a\">\n<h3 class=\"has-text-align-left\"><strong>Voulez-vous aider ?<\/strong><\/h3>\n<p>En 2019, la semaine de collecte se d\u00e9roule du 1er au 5 juillet. Voulez-vous aider ? Inscrivez-vous \u00e0 la semaine de collecte via le formulaire d'inscription ou demandez plus d'informations. Nous aimerions r\u00e9fl\u00e9chir avec vous au poste qui vous convient et qui peut nous aider.<\/p>\n<\/div>\n<\/div>\n<\/div>\n<\/div>\n<\/div>\n<div class=\"vce-col vce-col--md-auto vce-col--xs-1 vce-col--xs-last vce-col--xs-first vce-col--sm-last vce-col--sm-first vce-col--md-last vce-col--lg-last vce-col--xl-last\" id=\"el-192367c2\">\n<div class=\"vce-col-inner\" data-vce-do-apply=\"border margin background  el-192367c2\">\n<div class=\"vce-col-content\" data-vce-element-content=\"true\" data-vce-do-apply=\"padding el-192367c2\">\n<div class=\"vce-text-block\">\n<div class=\"vce-text-block-wrapper vce\" id=\"el-7e0b898d\" data-vce-do-apply=\"all el-7e0b898d\">\n<h3><strong>Chaque don est le bienvenu<\/strong><\/h3>\n<p>Merci de soutenir le NRB. Chaque contribution, petite ou grande, nous aide \u00e0 s\u00e9curiser la plage de Noordwijk.<\/p>\n<\/div>\n<\/div>\n<\/div>\n<\/div>\n<\/div>\n<\/div>\n<\/div>\n<\/div>\n<div class=\"vce-yt-video-player vce-yt-video-player--align-left vce-yt-video-player--size-1280x720\">\n<div class=\"vce vce-yt-video-player-wrapper\" id=\"el-023ee851\" data-vce-do-apply=\"all el-023ee851\" style=\"width: 1280px;\">\n<div class=\"vce-yt-video-player-inner\"><iframe class=\"vce-yt-video-player-iframe lazyload\" data-src=\"https:\/\/www.youtube.com\/embed\/38Helet5lN4?autoplay=0&amp;mute=0&amp;color=red&amp;controls=1&amp;loop=0&amp;rel=0&amp;start=0&amp;cc_load_policy=0&amp;iv_load_policy=3\" width=\"640\" height=\"390\" frameborder=\"0\" allowfullscreen=\"true\" src=\"data:image\/svg+xml;base64,PHN2ZyB3aWR0aD0iMSIgaGVpZ2h0PSIxIiB4bWxucz0iaHR0cDovL3d3dy53My5vcmcvMjAwMC9zdmciPjwvc3ZnPg==\" data-load-mode=\"1\"><\/iframe><\/div>\n<\/div>\n<\/div>\n<div class=\"vce-text-block\">\n<div class=\"vce-text-block-wrapper vce\" id=\"el-43c4de50\" data-vce-do-apply=\"all el-43c4de50\"><\/div><\/div>\n\n\n\n\n<h2 class=\"wp-block-heading\">Questions fr\u00e9quemment pos\u00e9es<\/h2>\n\n\n\n<p><\/p>\n\n\n\n\n<div id=\"el-da328aa3\" class=\"\">\n<div class=\"vce vce-gutenberg\" data-vce-do-apply=\"all el-da328aa3\"><\/div><\/div>\n\n\n<div class=\"schema-faq wp-block-yoast-faq-block\"><div class=\"schema-faq-section\" id=\"faq-question-1611354377927\"><strong class=\"schema-faq-question\">Quand la collecte a-t-elle lieu ?<\/strong> <p class=\"schema-faq-answer\">Du lundi 1er juillet au vendredi 5 juillet 2019 entre 18h00 et 21h00 dans les quartiers r\u00e9sidentiels de Noordwijk.<\/p> <\/div> <div class=\"schema-faq-section\" id=\"faq-question-1611354390321\"><strong class=\"schema-faq-question\"><strong>Que fait-on avec le produit de la collecte ?<\/strong><\/strong> <p class=\"schema-faq-answer\">Le produit de la collecte 2019 servira \u00e0 l'achat de trois nouvelles planches de sauvetage.<\/p> <\/div> <div class=\"schema-faq-section\" id=\"faq-question-1611354401574\"><strong class=\"schema-faq-question\"><strong>Pourquoi la brigade de sauvetage de Noordwijk organise-t-elle une semaine de collecte ?<\/strong><\/strong> <p class=\"schema-faq-answer\">Pendant la p\u00e9riode estivale, les b\u00e9n\u00e9voles de la brigade de sauvetage de Noordwijk s'efforcent d'accro\u00eetre la s\u00e9curit\u00e9 des visiteurs de la plage. Cela n'est possible qu'avec des ma\u00eetres-nageurs bien form\u00e9s et un bon \u00e9quipement. Pour pouvoir financer cela, la NRB organise une collecte annuelle.<\/p> <\/div> <div class=\"schema-faq-section\" id=\"faq-question-1611354410549\"><strong class=\"schema-faq-question\"><strong>Comment puis-je contribuer \u00e0 la semaine de collecte ?<\/strong><\/strong> <p class=\"schema-faq-answer\">La semaine de collecte ne peut avoir lieu sans l'engagement de nos fid\u00e8les b\u00e9n\u00e9voles. Votre contribution est donc extr\u00eamement pr\u00e9cieuse ! Il existe plusieurs possibilit\u00e9s d'aide. Nous sommes toujours \u00e0 la recherche de b\u00e9n\u00e9voles qui veulent aider un ou plusieurs soirs, mais aussi de b\u00e9n\u00e9voles qui veulent aider \u00e0 l'organisation. Toute contribution est la bienvenue ! Nous aimerions travailler avec vous pour trouver un poste qui vous convienne, \u00e0 vous et \u00e0 votre emploi du temps.<\/p> <\/div> <div class=\"schema-faq-section\" id=\"faq-question-1611354426210\"><strong class=\"schema-faq-question\"><strong>Les enfants sont-ils autoris\u00e9s \u00e0 collecter ?<\/strong><\/strong> <p class=\"schema-faq-answer\">La r\u00e8gle nationale est que les enfants \u00e0 partir de 16 ans peuvent collecter seuls. Bien entendu, les jeunes enfants qui souhaitent donner un coup de main sont toujours autoris\u00e9s \u00e0 le faire sous la surveillance d'un adulte.<\/p> <\/div> <div class=\"schema-faq-section\" id=\"faq-question-1611354434297\"><strong class=\"schema-faq-question\"><strong>La brigade de sauvetage de Noordwijk est-elle autoris\u00e9e \u00e0 collecter ?<\/strong><\/strong> <p class=\"schema-faq-answer\">Oui, c'est autoris\u00e9. La brigade de sauvetage de Noordwijk dispose pour cela d'une autorisation de la municipalit\u00e9 de Noordwijk.<\/p> <\/div> <\/div>\n\n\n\n\n\n\n\n\n\n\n<p><!--vcv no format--><\/p>","protected":false},"excerpt":{"rendered":"<p>La Reddingsbrigade Noordwijk va collecter, en savoir plus sur comment, o\u00f9, quand et pourquoi !<\/p>","protected":false},"author":1,"featured_media":76,"comment_status":"open","ping_status":"closed","sticky":false,"template":"","format":"standard","meta":{"_acf_changed":false,"footnotes":""},"categories":[8],"tags":[10],"class_list":["post-7095","post","type-post","status-publish","format-standard","has-post-thumbnail","hentry","category-events","tag-collecte"],"acf":[],"yoast_head":"<!-- This site is optimized with the Yoast SEO plugin v27.5 - https:\/\/yoast.com\/product\/yoast-seo-wordpress\/ -->\n<title>Collecteweek Noordwijkse Reddingsbrigade - Reddingsbrigade Noordwijk<\/title>\n<meta name=\"robots\" content=\"index, follow, max-snippet:-1, max-image-preview:large, max-video-preview:-1\" \/>\n<link rel=\"canonical\" href=\"https:\/\/www.reddingsbrigadenoordwijk.nl\/fr\/archief\/collecteweek-noordwijkse-reddingsbrigade\/\" \/>\n<meta property=\"og:locale\" content=\"fr_FR\" \/>\n<meta property=\"og:type\" content=\"article\" \/>\n<meta property=\"og:title\" content=\"Collecteweek Noordwijkse Reddingsbrigade - Reddingsbrigade Noordwijk\" \/>\n<meta property=\"og:description\" content=\"De Reddingsbrigade Noordwijk gat collecte lopen, lees hier meer over hoe, waar, wanneer en waarom!\" \/>\n<meta property=\"og:url\" content=\"https:\/\/www.reddingsbrigadenoordwijk.nl\/fr\/archief\/collecteweek-noordwijkse-reddingsbrigade\/\" \/>\n<meta property=\"og:site_name\" content=\"Reddingsbrigade Noordwijk\" \/>\n<meta property=\"article:published_time\" content=\"2019-05-26T21:10:00+00:00\" \/>\n<meta property=\"article:modified_time\" content=\"2021-02-09T20:23:01+00:00\" \/>\n<meta property=\"og:image\" content=\"https:\/\/www.reddingsbrigadenoordwijk.nl\/wp-content\/uploads\/2021\/01\/header-site.jpg\" \/>\n\t<meta property=\"og:image:width\" content=\"1920\" \/>\n\t<meta property=\"og:image:height\" content=\"426\" \/>\n\t<meta property=\"og:image:type\" content=\"image\/jpeg\" \/>\n<meta name=\"author\" content=\"Marijn Bitter\" \/>\n<meta name=\"twitter:card\" content=\"summary_large_image\" \/>\n<meta name=\"twitter:label1\" content=\"\u00c9crit par\" \/>\n\t<meta name=\"twitter:data1\" content=\"Marijn Bitter\" \/>\n\t<meta name=\"twitter:label2\" content=\"Dur\u00e9e de lecture estim\u00e9e\" \/>\n\t<meta name=\"twitter:data2\" content=\"2 minutes\" \/>\n<script type=\"application\/ld+json\" class=\"yoast-schema-graph\">{\"@context\":\"https:\\\/\\\/schema.org\",\"@graph\":[{\"@type\":\"Article\",\"@id\":\"https:\\\/\\\/www.reddingsbrigadenoordwijk.nl\\\/archief\\\/collecteweek-noordwijkse-reddingsbrigade\\\/#article\",\"isPartOf\":{\"@id\":\"https:\\\/\\\/www.reddingsbrigadenoordwijk.nl\\\/archief\\\/collecteweek-noordwijkse-reddingsbrigade\\\/\"},\"author\":{\"name\":\"Marijn Bitter\",\"@id\":\"https:\\\/\\\/www.reddingsbrigadenoordwijk.nl\\\/#\\\/schema\\\/person\\\/79fe29df437c1eba7b1337086d039caf\"},\"headline\":\"Collecteweek Noordwijkse Reddingsbrigade\",\"datePublished\":\"2019-05-26T21:10:00+00:00\",\"dateModified\":\"2021-02-09T20:23:01+00:00\",\"mainEntityOfPage\":{\"@id\":\"https:\\\/\\\/www.reddingsbrigadenoordwijk.nl\\\/archief\\\/collecteweek-noordwijkse-reddingsbrigade\\\/\"},\"wordCount\":420,\"commentCount\":0,\"image\":{\"@id\":\"https:\\\/\\\/www.reddingsbrigadenoordwijk.nl\\\/archief\\\/collecteweek-noordwijkse-reddingsbrigade\\\/#primaryimage\"},\"thumbnailUrl\":\"https:\\\/\\\/www.reddingsbrigadenoordwijk.nl\\\/wp-content\\\/uploads\\\/2021\\\/01\\\/header-site.jpg\",\"keywords\":[\"Collecte\"],\"articleSection\":[\"Events\"],\"inLanguage\":\"fr-FR\",\"potentialAction\":[{\"@type\":\"CommentAction\",\"name\":\"Comment\",\"target\":[\"https:\\\/\\\/www.reddingsbrigadenoordwijk.nl\\\/archief\\\/collecteweek-noordwijkse-reddingsbrigade\\\/#respond\"]}]},{\"@type\":[\"WebPage\",\"FAQPage\"],\"@id\":\"https:\\\/\\\/www.reddingsbrigadenoordwijk.nl\\\/archief\\\/collecteweek-noordwijkse-reddingsbrigade\\\/\",\"url\":\"https:\\\/\\\/www.reddingsbrigadenoordwijk.nl\\\/archief\\\/collecteweek-noordwijkse-reddingsbrigade\\\/\",\"name\":\"Collecteweek Noordwijkse Reddingsbrigade - Reddingsbrigade Noordwijk\",\"isPartOf\":{\"@id\":\"https:\\\/\\\/www.reddingsbrigadenoordwijk.nl\\\/#website\"},\"primaryImageOfPage\":{\"@id\":\"https:\\\/\\\/www.reddingsbrigadenoordwijk.nl\\\/archief\\\/collecteweek-noordwijkse-reddingsbrigade\\\/#primaryimage\"},\"image\":{\"@id\":\"https:\\\/\\\/www.reddingsbrigadenoordwijk.nl\\\/archief\\\/collecteweek-noordwijkse-reddingsbrigade\\\/#primaryimage\"},\"thumbnailUrl\":\"https:\\\/\\\/www.reddingsbrigadenoordwijk.nl\\\/wp-content\\\/uploads\\\/2021\\\/01\\\/header-site.jpg\",\"datePublished\":\"2019-05-26T21:10:00+00:00\",\"dateModified\":\"2021-02-09T20:23:01+00:00\",\"author\":{\"@id\":\"https:\\\/\\\/www.reddingsbrigadenoordwijk.nl\\\/#\\\/schema\\\/person\\\/79fe29df437c1eba7b1337086d039caf\"},\"breadcrumb\":{\"@id\":\"https:\\\/\\\/www.reddingsbrigadenoordwijk.nl\\\/archief\\\/collecteweek-noordwijkse-reddingsbrigade\\\/#breadcrumb\"},\"mainEntity\":[{\"@id\":\"https:\\\/\\\/www.reddingsbrigadenoordwijk.nl\\\/archief\\\/collecteweek-noordwijkse-reddingsbrigade\\\/#faq-question-1611354377927\"},{\"@id\":\"https:\\\/\\\/www.reddingsbrigadenoordwijk.nl\\\/archief\\\/collecteweek-noordwijkse-reddingsbrigade\\\/#faq-question-1611354390321\"},{\"@id\":\"https:\\\/\\\/www.reddingsbrigadenoordwijk.nl\\\/archief\\\/collecteweek-noordwijkse-reddingsbrigade\\\/#faq-question-1611354401574\"},{\"@id\":\"https:\\\/\\\/www.reddingsbrigadenoordwijk.nl\\\/archief\\\/collecteweek-noordwijkse-reddingsbrigade\\\/#faq-question-1611354410549\"},{\"@id\":\"https:\\\/\\\/www.reddingsbrigadenoordwijk.nl\\\/archief\\\/collecteweek-noordwijkse-reddingsbrigade\\\/#faq-question-1611354426210\"},{\"@id\":\"https:\\\/\\\/www.reddingsbrigadenoordwijk.nl\\\/archief\\\/collecteweek-noordwijkse-reddingsbrigade\\\/#faq-question-1611354434297\"}],\"inLanguage\":\"fr-FR\",\"potentialAction\":[{\"@type\":\"ReadAction\",\"target\":[\"https:\\\/\\\/www.reddingsbrigadenoordwijk.nl\\\/archief\\\/collecteweek-noordwijkse-reddingsbrigade\\\/\"]}]},{\"@type\":\"ImageObject\",\"inLanguage\":\"fr-FR\",\"@id\":\"https:\\\/\\\/www.reddingsbrigadenoordwijk.nl\\\/archief\\\/collecteweek-noordwijkse-reddingsbrigade\\\/#primaryimage\",\"url\":\"https:\\\/\\\/www.reddingsbrigadenoordwijk.nl\\\/wp-content\\\/uploads\\\/2021\\\/01\\\/header-site.jpg\",\"contentUrl\":\"https:\\\/\\\/www.reddingsbrigadenoordwijk.nl\\\/wp-content\\\/uploads\\\/2021\\\/01\\\/header-site.jpg\",\"width\":1920,\"height\":426},{\"@type\":\"BreadcrumbList\",\"@id\":\"https:\\\/\\\/www.reddingsbrigadenoordwijk.nl\\\/archief\\\/collecteweek-noordwijkse-reddingsbrigade\\\/#breadcrumb\",\"itemListElement\":[{\"@type\":\"ListItem\",\"position\":1,\"name\":\"Home\",\"item\":\"https:\\\/\\\/www.reddingsbrigadenoordwijk.nl\\\/\"},{\"@type\":\"ListItem\",\"position\":2,\"name\":\"Collecteweek Noordwijkse Reddingsbrigade\"}]},{\"@type\":\"WebSite\",\"@id\":\"https:\\\/\\\/www.reddingsbrigadenoordwijk.nl\\\/#website\",\"url\":\"https:\\\/\\\/www.reddingsbrigadenoordwijk.nl\\\/\",\"name\":\"Reddingsbrigade Noordwijk\",\"description\":\"NRB\",\"potentialAction\":[{\"@type\":\"SearchAction\",\"target\":{\"@type\":\"EntryPoint\",\"urlTemplate\":\"https:\\\/\\\/www.reddingsbrigadenoordwijk.nl\\\/?s={search_term_string}\"},\"query-input\":{\"@type\":\"PropertyValueSpecification\",\"valueRequired\":true,\"valueName\":\"search_term_string\"}}],\"inLanguage\":\"fr-FR\"},{\"@type\":\"Person\",\"@id\":\"https:\\\/\\\/www.reddingsbrigadenoordwijk.nl\\\/#\\\/schema\\\/person\\\/79fe29df437c1eba7b1337086d039caf\",\"name\":\"Marijn Bitter\",\"image\":{\"@type\":\"ImageObject\",\"inLanguage\":\"fr-FR\",\"@id\":\"https:\\\/\\\/secure.gravatar.com\\\/avatar\\\/466ff1950760933ed953454159a758435d468e4e05ba887ae93c72c094ed2c0e?s=96&d=mm&r=g\",\"url\":\"https:\\\/\\\/secure.gravatar.com\\\/avatar\\\/466ff1950760933ed953454159a758435d468e4e05ba887ae93c72c094ed2c0e?s=96&d=mm&r=g\",\"contentUrl\":\"https:\\\/\\\/secure.gravatar.com\\\/avatar\\\/466ff1950760933ed953454159a758435d468e4e05ba887ae93c72c094ed2c0e?s=96&d=mm&r=g\",\"caption\":\"Marijn Bitter\"},\"sameAs\":[\"https:\\\/\\\/www.reddingsbrigadenoordwijk.nl\"],\"url\":\"https:\\\/\\\/www.reddingsbrigadenoordwijk.nl\\\/fr\\\/archief\\\/author\\\/marinosbitter\\\/\"},{\"@type\":\"Question\",\"@id\":\"https:\\\/\\\/www.reddingsbrigadenoordwijk.nl\\\/archief\\\/collecteweek-noordwijkse-reddingsbrigade\\\/#faq-question-1611354377927\",\"position\":1,\"url\":\"https:\\\/\\\/www.reddingsbrigadenoordwijk.nl\\\/archief\\\/collecteweek-noordwijkse-reddingsbrigade\\\/#faq-question-1611354377927\",\"name\":\"Wanneer wordt er collecte gelopen?\",\"answerCount\":1,\"acceptedAnswer\":{\"@type\":\"Answer\",\"text\":\"Maandag 1 juli t\\\/m vrijdag 5 juli 2019 tussen 18:00 en 21:00 uur in de woonwijken van Noordwijk.\",\"inLanguage\":\"fr-FR\"},\"inLanguage\":\"fr-FR\"},{\"@type\":\"Question\",\"@id\":\"https:\\\/\\\/www.reddingsbrigadenoordwijk.nl\\\/archief\\\/collecteweek-noordwijkse-reddingsbrigade\\\/#faq-question-1611354390321\",\"position\":2,\"url\":\"https:\\\/\\\/www.reddingsbrigadenoordwijk.nl\\\/archief\\\/collecteweek-noordwijkse-reddingsbrigade\\\/#faq-question-1611354390321\",\"name\":\"Wat wordt er met de opbrengst van de collecte gedaan?\",\"answerCount\":1,\"acceptedAnswer\":{\"@type\":\"Answer\",\"text\":\"De opbrengst van de collecte 2019 wordt gebruikt voor de aanschaf van drie nieuwe rescue boards.\",\"inLanguage\":\"fr-FR\"},\"inLanguage\":\"fr-FR\"},{\"@type\":\"Question\",\"@id\":\"https:\\\/\\\/www.reddingsbrigadenoordwijk.nl\\\/archief\\\/collecteweek-noordwijkse-reddingsbrigade\\\/#faq-question-1611354401574\",\"position\":3,\"url\":\"https:\\\/\\\/www.reddingsbrigadenoordwijk.nl\\\/archief\\\/collecteweek-noordwijkse-reddingsbrigade\\\/#faq-question-1611354401574\",\"name\":\"Waarom organiseert de Noordwijkse Reddingsbrigade een collecte week?\",\"answerCount\":1,\"acceptedAnswer\":{\"@type\":\"Answer\",\"text\":\"Gedurende de zomerperiode zetten de vrijwilligers van de Noordwijkse Reddingsbrigade zich in om de veiligheid van de strandbezoekers te verhogen. Dit is alleen mogelijk met goed opgeleide Lifeguards en goed materiaal. Om dit te kunnen financieren loopt de NRB jaarlijks de collecte.\",\"inLanguage\":\"fr-FR\"},\"inLanguage\":\"fr-FR\"},{\"@type\":\"Question\",\"@id\":\"https:\\\/\\\/www.reddingsbrigadenoordwijk.nl\\\/archief\\\/collecteweek-noordwijkse-reddingsbrigade\\\/#faq-question-1611354410549\",\"position\":4,\"url\":\"https:\\\/\\\/www.reddingsbrigadenoordwijk.nl\\\/archief\\\/collecteweek-noordwijkse-reddingsbrigade\\\/#faq-question-1611354410549\",\"name\":\"Hoe kan ik meehelpen met de collecte week?\",\"answerCount\":1,\"acceptedAnswer\":{\"@type\":\"Answer\",\"text\":\"De collecteweek kan niet zonder de inzet van onze trouwe vrijwilligers. Jouw bijdrage is dan ook ontzettend waardevol! Er zijn diverse mogelijkheden om mee te helpen.\u00a0Zo zijn we altijd op zoek naar collectanten die \u00e9\u00e9n of meerdere avonden mee willen helpen, maar ook naar vrijwilligers\u00a0die willen helpen bij de organisatie. Elke bijdrage is welkom! We gaan graag samen met jou op zoek naar een functie die bij jou en jouw agenda past.\",\"inLanguage\":\"fr-FR\"},\"inLanguage\":\"fr-FR\"},{\"@type\":\"Question\",\"@id\":\"https:\\\/\\\/www.reddingsbrigadenoordwijk.nl\\\/archief\\\/collecteweek-noordwijkse-reddingsbrigade\\\/#faq-question-1611354426210\",\"position\":5,\"url\":\"https:\\\/\\\/www.reddingsbrigadenoordwijk.nl\\\/archief\\\/collecteweek-noordwijkse-reddingsbrigade\\\/#faq-question-1611354426210\",\"name\":\"Mogen kinderen collecteren?\",\"answerCount\":1,\"acceptedAnswer\":{\"@type\":\"Answer\",\"text\":\"De landelijke regel is dat kinderen vanaf 16 jaar zelfstandig mogen collecteren. Natuurlijk mogen jonge kinderen die het leuk vinden om mee te helpen dat altijd doen onder begeleiding van een volwassene.\",\"inLanguage\":\"fr-FR\"},\"inLanguage\":\"fr-FR\"},{\"@type\":\"Question\",\"@id\":\"https:\\\/\\\/www.reddingsbrigadenoordwijk.nl\\\/archief\\\/collecteweek-noordwijkse-reddingsbrigade\\\/#faq-question-1611354434297\",\"position\":6,\"url\":\"https:\\\/\\\/www.reddingsbrigadenoordwijk.nl\\\/archief\\\/collecteweek-noordwijkse-reddingsbrigade\\\/#faq-question-1611354434297\",\"name\":\"Mag de Noordwijkse Reddingsbrigade wel collecteren?\",\"answerCount\":1,\"acceptedAnswer\":{\"@type\":\"Answer\",\"text\":\"Ja, dat mag. De Noordwijkse Reddingsbrigade heeft hiervoor een vergunning vanuit de gemeente Noordwijk.\",\"inLanguage\":\"fr-FR\"},\"inLanguage\":\"fr-FR\"}]}<\/script>\n<!-- \/ Yoast SEO plugin. -->","yoast_head_json":{"title":"Semaine de collecte Noordwijk Reddingsbrigade - Reddingsbrigade Noordwijk","robots":{"index":"index","follow":"follow","max-snippet":"max-snippet:-1","max-image-preview":"max-image-preview:large","max-video-preview":"max-video-preview:-1"},"canonical":"https:\/\/www.reddingsbrigadenoordwijk.nl\/fr\/archief\/collecteweek-noordwijkse-reddingsbrigade\/","og_locale":"fr_FR","og_type":"article","og_title":"Collecteweek Noordwijkse Reddingsbrigade - Reddingsbrigade Noordwijk","og_description":"De Reddingsbrigade Noordwijk gat collecte lopen, lees hier meer over hoe, waar, wanneer en waarom!","og_url":"https:\/\/www.reddingsbrigadenoordwijk.nl\/fr\/archief\/collecteweek-noordwijkse-reddingsbrigade\/","og_site_name":"Reddingsbrigade Noordwijk","article_published_time":"2019-05-26T21:10:00+00:00","article_modified_time":"2021-02-09T20:23:01+00:00","og_image":[{"width":1920,"height":426,"url":"https:\/\/www.reddingsbrigadenoordwijk.nl\/wp-content\/uploads\/2021\/01\/header-site.jpg","type":"image\/jpeg"}],"author":"Marijn Bitter","twitter_card":"summary_large_image","twitter_misc":{"\u00c9crit par":"Marijn Bitter","Dur\u00e9e de lecture estim\u00e9e":"2 minutes"},"schema":{"@context":"https:\/\/schema.org","@graph":[{"@type":"Article","@id":"https:\/\/www.reddingsbrigadenoordwijk.nl\/archief\/collecteweek-noordwijkse-reddingsbrigade\/#article","isPartOf":{"@id":"https:\/\/www.reddingsbrigadenoordwijk.nl\/archief\/collecteweek-noordwijkse-reddingsbrigade\/"},"author":{"name":"Marijn Bitter","@id":"https:\/\/www.reddingsbrigadenoordwijk.nl\/#\/schema\/person\/79fe29df437c1eba7b1337086d039caf"},"headline":"Collecteweek Noordwijkse Reddingsbrigade","datePublished":"2019-05-26T21:10:00+00:00","dateModified":"2021-02-09T20:23:01+00:00","mainEntityOfPage":{"@id":"https:\/\/www.reddingsbrigadenoordwijk.nl\/archief\/collecteweek-noordwijkse-reddingsbrigade\/"},"wordCount":420,"commentCount":0,"image":{"@id":"https:\/\/www.reddingsbrigadenoordwijk.nl\/archief\/collecteweek-noordwijkse-reddingsbrigade\/#primaryimage"},"thumbnailUrl":"https:\/\/www.reddingsbrigadenoordwijk.nl\/wp-content\/uploads\/2021\/01\/header-site.jpg","keywords":["Collecte"],"articleSection":["Events"],"inLanguage":"fr-FR","potentialAction":[{"@type":"CommentAction","name":"Comment","target":["https:\/\/www.reddingsbrigadenoordwijk.nl\/archief\/collecteweek-noordwijkse-reddingsbrigade\/#respond"]}]},{"@type":["WebPage","FAQPage"],"@id":"https:\/\/www.reddingsbrigadenoordwijk.nl\/archief\/collecteweek-noordwijkse-reddingsbrigade\/","url":"https:\/\/www.reddingsbrigadenoordwijk.nl\/archief\/collecteweek-noordwijkse-reddingsbrigade\/","name":"Semaine de collecte Noordwijk Reddingsbrigade - Reddingsbrigade Noordwijk","isPartOf":{"@id":"https:\/\/www.reddingsbrigadenoordwijk.nl\/#website"},"primaryImageOfPage":{"@id":"https:\/\/www.reddingsbrigadenoordwijk.nl\/archief\/collecteweek-noordwijkse-reddingsbrigade\/#primaryimage"},"image":{"@id":"https:\/\/www.reddingsbrigadenoordwijk.nl\/archief\/collecteweek-noordwijkse-reddingsbrigade\/#primaryimage"},"thumbnailUrl":"https:\/\/www.reddingsbrigadenoordwijk.nl\/wp-content\/uploads\/2021\/01\/header-site.jpg","datePublished":"2019-05-26T21:10:00+00:00","dateModified":"2021-02-09T20:23:01+00:00","author":{"@id":"https:\/\/www.reddingsbrigadenoordwijk.nl\/#\/schema\/person\/79fe29df437c1eba7b1337086d039caf"},"breadcrumb":{"@id":"https:\/\/www.reddingsbrigadenoordwijk.nl\/archief\/collecteweek-noordwijkse-reddingsbrigade\/#breadcrumb"},"mainEntity":[{"@id":"https:\/\/www.reddingsbrigadenoordwijk.nl\/archief\/collecteweek-noordwijkse-reddingsbrigade\/#faq-question-1611354377927"},{"@id":"https:\/\/www.reddingsbrigadenoordwijk.nl\/archief\/collecteweek-noordwijkse-reddingsbrigade\/#faq-question-1611354390321"},{"@id":"https:\/\/www.reddingsbrigadenoordwijk.nl\/archief\/collecteweek-noordwijkse-reddingsbrigade\/#faq-question-1611354401574"},{"@id":"https:\/\/www.reddingsbrigadenoordwijk.nl\/archief\/collecteweek-noordwijkse-reddingsbrigade\/#faq-question-1611354410549"},{"@id":"https:\/\/www.reddingsbrigadenoordwijk.nl\/archief\/collecteweek-noordwijkse-reddingsbrigade\/#faq-question-1611354426210"},{"@id":"https:\/\/www.reddingsbrigadenoordwijk.nl\/archief\/collecteweek-noordwijkse-reddingsbrigade\/#faq-question-1611354434297"}],"inLanguage":"fr-FR","potentialAction":[{"@type":"ReadAction","target":["https:\/\/www.reddingsbrigadenoordwijk.nl\/archief\/collecteweek-noordwijkse-reddingsbrigade\/"]}]},{"@type":"ImageObject","inLanguage":"fr-FR","@id":"https:\/\/www.reddingsbrigadenoordwijk.nl\/archief\/collecteweek-noordwijkse-reddingsbrigade\/#primaryimage","url":"https:\/\/www.reddingsbrigadenoordwijk.nl\/wp-content\/uploads\/2021\/01\/header-site.jpg","contentUrl":"https:\/\/www.reddingsbrigadenoordwijk.nl\/wp-content\/uploads\/2021\/01\/header-site.jpg","width":1920,"height":426},{"@type":"BreadcrumbList","@id":"https:\/\/www.reddingsbrigadenoordwijk.nl\/archief\/collecteweek-noordwijkse-reddingsbrigade\/#breadcrumb","itemListElement":[{"@type":"ListItem","position":1,"name":"Home","item":"https:\/\/www.reddingsbrigadenoordwijk.nl\/"},{"@type":"ListItem","position":2,"name":"Collecteweek Noordwijkse Reddingsbrigade"}]},{"@type":"WebSite","@id":"https:\/\/www.reddingsbrigadenoordwijk.nl\/#website","url":"https:\/\/www.reddingsbrigadenoordwijk.nl\/","name":"\u00c9quipe de sauvetage de Noordwijk","description":"NRB","potentialAction":[{"@type":"SearchAction","target":{"@type":"EntryPoint","urlTemplate":"https:\/\/www.reddingsbrigadenoordwijk.nl\/?s={search_term_string}"},"query-input":{"@type":"PropertyValueSpecification","valueRequired":true,"valueName":"search_term_string"}}],"inLanguage":"fr-FR"},{"@type":"Person","@id":"https:\/\/www.reddingsbrigadenoordwijk.nl\/#\/schema\/person\/79fe29df437c1eba7b1337086d039caf","name":"Marijn Bitter","image":{"@type":"ImageObject","inLanguage":"fr-FR","@id":"https:\/\/secure.gravatar.com\/avatar\/466ff1950760933ed953454159a758435d468e4e05ba887ae93c72c094ed2c0e?s=96&d=mm&r=g","url":"https:\/\/secure.gravatar.com\/avatar\/466ff1950760933ed953454159a758435d468e4e05ba887ae93c72c094ed2c0e?s=96&d=mm&r=g","contentUrl":"https:\/\/secure.gravatar.com\/avatar\/466ff1950760933ed953454159a758435d468e4e05ba887ae93c72c094ed2c0e?s=96&d=mm&r=g","caption":"Marijn Bitter"},"sameAs":["https:\/\/www.reddingsbrigadenoordwijk.nl"],"url":"https:\/\/www.reddingsbrigadenoordwijk.nl\/fr\/archief\/author\/marinosbitter\/"},{"@type":"Question","@id":"https:\/\/www.reddingsbrigadenoordwijk.nl\/archief\/collecteweek-noordwijkse-reddingsbrigade\/#faq-question-1611354377927","position":1,"url":"https:\/\/www.reddingsbrigadenoordwijk.nl\/archief\/collecteweek-noordwijkse-reddingsbrigade\/#faq-question-1611354377927","name":"Quand la collecte a-t-elle lieu ?","answerCount":1,"acceptedAnswer":{"@type":"Answer","text":"Maandag 1 juli t\/m vrijdag 5 juli 2019 tussen 18:00 en 21:00 uur in de woonwijken van Noordwijk.","inLanguage":"fr-FR"},"inLanguage":"fr-FR"},{"@type":"Question","@id":"https:\/\/www.reddingsbrigadenoordwijk.nl\/archief\/collecteweek-noordwijkse-reddingsbrigade\/#faq-question-1611354390321","position":2,"url":"https:\/\/www.reddingsbrigadenoordwijk.nl\/archief\/collecteweek-noordwijkse-reddingsbrigade\/#faq-question-1611354390321","name":"Que fait-on avec le produit de la collecte ?","answerCount":1,"acceptedAnswer":{"@type":"Answer","text":"De opbrengst van de collecte 2019 wordt gebruikt voor de aanschaf van drie nieuwe rescue boards.","inLanguage":"fr-FR"},"inLanguage":"fr-FR"},{"@type":"Question","@id":"https:\/\/www.reddingsbrigadenoordwijk.nl\/archief\/collecteweek-noordwijkse-reddingsbrigade\/#faq-question-1611354401574","position":3,"url":"https:\/\/www.reddingsbrigadenoordwijk.nl\/archief\/collecteweek-noordwijkse-reddingsbrigade\/#faq-question-1611354401574","name":"Pourquoi la brigade de sauvetage de Noordwijk organise-t-elle une semaine de collecte ?","answerCount":1,"acceptedAnswer":{"@type":"Answer","text":"Gedurende de zomerperiode zetten de vrijwilligers van de Noordwijkse Reddingsbrigade zich in om de veiligheid van de strandbezoekers te verhogen. Dit is alleen mogelijk met goed opgeleide Lifeguards en goed materiaal. Om dit te kunnen financieren loopt de NRB jaarlijks de collecte.","inLanguage":"fr-FR"},"inLanguage":"fr-FR"},{"@type":"Question","@id":"https:\/\/www.reddingsbrigadenoordwijk.nl\/archief\/collecteweek-noordwijkse-reddingsbrigade\/#faq-question-1611354410549","position":4,"url":"https:\/\/www.reddingsbrigadenoordwijk.nl\/archief\/collecteweek-noordwijkse-reddingsbrigade\/#faq-question-1611354410549","name":"Comment puis-je contribuer \u00e0 la semaine de collecte ?","answerCount":1,"acceptedAnswer":{"@type":"Answer","text":"De collecteweek kan niet zonder de inzet van onze trouwe vrijwilligers. Jouw bijdrage is dan ook ontzettend waardevol! Er zijn diverse mogelijkheden om mee te helpen.\u00a0Zo zijn we altijd op zoek naar collectanten die \u00e9\u00e9n of meerdere avonden mee willen helpen, maar ook naar vrijwilligers\u00a0die willen helpen bij de organisatie. Elke bijdrage is welkom! We gaan graag samen met jou op zoek naar een functie die bij jou en jouw agenda past.","inLanguage":"fr-FR"},"inLanguage":"fr-FR"},{"@type":"Question","@id":"https:\/\/www.reddingsbrigadenoordwijk.nl\/archief\/collecteweek-noordwijkse-reddingsbrigade\/#faq-question-1611354426210","position":5,"url":"https:\/\/www.reddingsbrigadenoordwijk.nl\/archief\/collecteweek-noordwijkse-reddingsbrigade\/#faq-question-1611354426210","name":"Les enfants sont-ils autoris\u00e9s \u00e0 collecter ?","answerCount":1,"acceptedAnswer":{"@type":"Answer","text":"De landelijke regel is dat kinderen vanaf 16 jaar zelfstandig mogen collecteren. Natuurlijk mogen jonge kinderen die het leuk vinden om mee te helpen dat altijd doen onder begeleiding van een volwassene.","inLanguage":"fr-FR"},"inLanguage":"fr-FR"},{"@type":"Question","@id":"https:\/\/www.reddingsbrigadenoordwijk.nl\/archief\/collecteweek-noordwijkse-reddingsbrigade\/#faq-question-1611354434297","position":6,"url":"https:\/\/www.reddingsbrigadenoordwijk.nl\/archief\/collecteweek-noordwijkse-reddingsbrigade\/#faq-question-1611354434297","name":"La brigade de sauvetage de Noordwijk est-elle autoris\u00e9e \u00e0 collecter ?","answerCount":1,"acceptedAnswer":{"@type":"Answer","text":"Ja, dat mag. De Noordwijkse Reddingsbrigade heeft hiervoor een vergunning vanuit de gemeente Noordwijk.","inLanguage":"fr-FR"},"inLanguage":"fr-FR"}]}},"_links":{"self":[{"href":"https:\/\/www.reddingsbrigadenoordwijk.nl\/fr\/wp-json\/wp\/v2\/posts\/7095","targetHints":{"allow":["GET"]}}],"collection":[{"href":"https:\/\/www.reddingsbrigadenoordwijk.nl\/fr\/wp-json\/wp\/v2\/posts"}],"about":[{"href":"https:\/\/www.reddingsbrigadenoordwijk.nl\/fr\/wp-json\/wp\/v2\/types\/post"}],"author":[{"embeddable":true,"href":"https:\/\/www.reddingsbrigadenoordwijk.nl\/fr\/wp-json\/wp\/v2\/users\/1"}],"replies":[{"embeddable":true,"href":"https:\/\/www.reddingsbrigadenoordwijk.nl\/fr\/wp-json\/wp\/v2\/comments?post=7095"}],"version-history":[{"count":0,"href":"https:\/\/www.reddingsbrigadenoordwijk.nl\/fr\/wp-json\/wp\/v2\/posts\/7095\/revisions"}],"wp:featuredmedia":[{"embeddable":true,"href":"https:\/\/www.reddingsbrigadenoordwijk.nl\/fr\/wp-json\/wp\/v2\/media\/76"}],"wp:attachment":[{"href":"https:\/\/www.reddingsbrigadenoordwijk.nl\/fr\/wp-json\/wp\/v2\/media?parent=7095"}],"wp:term":[{"taxonomy":"category","embeddable":true,"href":"https:\/\/www.reddingsbrigadenoordwijk.nl\/fr\/wp-json\/wp\/v2\/categories?post=7095"},{"taxonomy":"post_tag","embeddable":true,"href":"https:\/\/www.reddingsbrigadenoordwijk.nl\/fr\/wp-json\/wp\/v2\/tags?post=7095"}],"curies":[{"name":"wp","href":"https:\/\/api.w.org\/{rel}","templated":true}]}}