{"id":10653,"date":"2021-04-03T13:44:09","date_gmt":"2021-04-03T11:44:09","guid":{"rendered":"https:\/\/www.reddingsbrigadenoordwijk.nl\/?p=10653"},"modified":"2021-05-26T10:32:22","modified_gmt":"2021-05-26T08:32:22","slug":"reddingsbrigade-om-trots-op-te-zijn","status":"publish","type":"post","link":"https:\/\/www.reddingsbrigadenoordwijk.nl\/fr\/archief\/sauver-la-vie-rigade-a-etre-fier-de\/","title":{"rendered":"Une \u00e9quipe de secours dont nous pouvons \u00eatre fiers"},"content":{"rendered":"<h2 class=\"wp-block-heading\">Bilan et portrait du pr\u00e9sident sortant Enrico Hazenoot<\/h2>\n\n\n\n<p>Enrico Hazenoot avait quatre objectifs en t\u00eate lorsqu'il est devenu pr\u00e9sident de la brigade de sauvetage de Noordwijk (NRB) il y a onze ans. Lors de la 100e Assembl\u00e9e g\u00e9n\u00e9rale, le vendredi 26 mars, Enrico a remis le marteau \u00e0 Harry Admiraal. Un regard en arri\u00e8re et le portrait d'un homme (de brigade) enthousiaste.<\/p>\n\n\n\n<p>Enrico a 13 ans lorsqu'il se pr\u00e9sente \u00e0 la brigade de sauvetage de Noordwijk. Il est chaleureusement accueilli par Jan Ooms (senior) et Wim Star, avec qui il suivra la formation de sauveteur. C'est le d\u00e9but d'un d\u00e9vouement de toute une vie \u00e0 la brigade ou, comme le dit Enrico : \"<strong><em>J'ai attrap\u00e9 le virus des sauveteurs \u00e0 un \u00e2ge pr\u00e9coce.<\/em><\/strong>\" Il y rencontre sa femme Liesbeth, qui est \u00e9galement ma\u00eetre-nageur.<\/p>\n\n\n\n<div class=\"wp-block-columns is-layout-flex wp-container-core-columns-is-layout-9d6595d7 wp-block-columns-is-layout-flex\">\n<div class=\"wp-block-column is-layout-flow wp-block-column-is-layout-flow\">\n<h3 class=\"wp-block-heading\">La natation comme base<\/h3>\n\n\n\n<p>En 1978, Enrico est devenu moniteur de natation. \"<strong><em>Il est tr\u00e8s important d'instruire et d'enseigner aux gens, jeunes et vieux, les dangers de la mer.<\/em><\/strong>.\" La natation \u00e9l\u00e9mentaire, l'abaque de natation, est la base importante pour pouvoir se sauver, selon lui. \"<strong><em>Cette base devrait \u00eatre beaucoup plus mise en valeur. Le sport est \u00e9galement une partie importante du m\u00e9tier de ma\u00eetre-nageur. Vous devez \u00eatre en bonne forme pour pouvoir effectuer des op\u00e9rations de sauvetage en mer et en surf sous une forte pression temporelle. Apr\u00e8s tout, votre propre s\u00e9curit\u00e9 est toujours primordiale.<\/em><\/strong>&#8220;<\/p>\n\n\n\n<p>Il se souvient d'un examen de sauveteur dans un autre centre de sauvetage. Depuis un radeau \u00e9quip\u00e9 d'un moteur hors-bord de 6 chevaux, il a minutieusement install\u00e9 une ligne d'ancres flottantes de 40 m\u00e8tres en pleine mer avant l'examen. Pour l'un des candidats, le parcours de natation s'est av\u00e9r\u00e9 trop difficile en raison des circonstances et il a \u00e9t\u00e9 h\u00e2tivement sorti de la mer. Cette exp\u00e9rience lui a ouvert tr\u00e8s t\u00f4t les yeux sur les risques de la mer. Il fait plusieurs fois l'exp\u00e9rience de la noyade. \"<strong><em>Heureusement, nous arrivons g\u00e9n\u00e9ralement \u00e0 temps, ou les baigneurs parviennent \u00e0 se sauver. Mais lorsqu'un tel incident se produit, il a un impact majeur sur toutes les personnes concern\u00e9es. Il est donc important de recevoir vos sauveteurs apr\u00e8s chaque action, quelles qu'en soient les cons\u00e9quences, et d'assurer un suivi si n\u00e9cessaire.<\/em><\/strong>.&#8221; <\/p>\n\n\n\n<p>Enrico fait \u00e9galement partie de l'\u00e9quipe d'intervention d'urgence, qui est pr\u00eate \u00e0 intervenir 24 heures sur 24, toute l'ann\u00e9e. Il participe \u00e0 des exercices et \u00e0 des d\u00e9ploiements avec la Force d'urgence aux Pays-Bas, comme lors des actions men\u00e9es dans le Limbourg pendant les inondations de la Meuse dans les ann\u00e9es 1990. Outre la brigade, Enrico est \u00e9galement un passionn\u00e9 de politique. De 1998 \u00e0 2010, il a \u00e9t\u00e9 membre du conseil municipal.<\/p>\n<\/div>\n\n\n\n<div class=\"wp-block-column is-layout-flow wp-block-column-is-layout-flow\">\n<figure class=\"wp-block-image size-large\"><img decoding=\"async\" width=\"768\" height=\"1024\" data-src=\"https:\/\/www.reddingsbrigadenoordwijk.nl\/wp-content\/uploads\/2021\/04\/20080524-34-768x1024.jpg\" alt=\"\" class=\"wp-image-10656 lazyload\" data-srcset=\"https:\/\/www.reddingsbrigadenoordwijk.nl\/wp-content\/uploads\/2021\/04\/20080524-34-768x1024.jpg 768w, https:\/\/www.reddingsbrigadenoordwijk.nl\/wp-content\/uploads\/2021\/04\/20080524-34-225x300.jpg 225w, https:\/\/www.reddingsbrigadenoordwijk.nl\/wp-content\/uploads\/2021\/04\/20080524-34-1152x1536.jpg 1152w, https:\/\/www.reddingsbrigadenoordwijk.nl\/wp-content\/uploads\/2021\/04\/20080524-34-1536x2048.jpg 1536w, https:\/\/www.reddingsbrigadenoordwijk.nl\/wp-content\/uploads\/2021\/04\/20080524-34-9x12.jpg 9w, https:\/\/www.reddingsbrigadenoordwijk.nl\/wp-content\/uploads\/2021\/04\/20080524-34-848x1131.jpg 848w, https:\/\/www.reddingsbrigadenoordwijk.nl\/wp-content\/uploads\/2021\/04\/20080524-34-1140x1520.jpg 1140w, https:\/\/www.reddingsbrigadenoordwijk.nl\/wp-content\/uploads\/2021\/04\/20080524-34-1170x1560.jpg 1170w, https:\/\/www.reddingsbrigadenoordwijk.nl\/wp-content\/uploads\/2021\/04\/20080524-34-scaled.jpg 1920w\" data-sizes=\"(max-width: 768px) 100vw, 768px\" src=\"data:image\/svg+xml;base64,PHN2ZyB3aWR0aD0iMSIgaGVpZ2h0PSIxIiB4bWxucz0iaHR0cDovL3d3dy53My5vcmcvMjAwMC9zdmciPjwvc3ZnPg==\" style=\"--smush-placeholder-width: 768px; --smush-placeholder-aspect-ratio: 768\/1024;\" \/><\/figure>\n<\/div>\n<\/div>\n\n\n\n<div class=\"wp-block-columns is-layout-flex wp-container-core-columns-is-layout-9d6595d7 wp-block-columns-is-layout-flex\">\n<div class=\"wp-block-column is-layout-flow wp-block-column-is-layout-flow\">\n<blockquote class=\"wp-block-quote is-layout-flow wp-block-quote-is-layout-flow\"><p><strong><em><strong><em>\"Nous avons la chance \u00e0 Noordwijk que les maires montrent beaucoup d'int\u00e9r\u00eat pour le travail de notre \u00e9quipe de sauvetage. Au fil des ans, ils ont r\u00e9guli\u00e8rement visit\u00e9 les postes sur la plage. Et r\u00e9cemment, lors de notre 100e anniversaire, le 9 mars, le maire Wendy Verkleij \u00e9tait pr\u00e9sent.<\/em><\/strong><\/em><\/strong>&#8220;<\/p><\/blockquote>\n<\/div>\n<\/div>\n\n\n\n<div class=\"wp-block-columns is-layout-flex wp-container-core-columns-is-layout-9d6595d7 wp-block-columns-is-layout-flex\">\n<div class=\"wp-block-column is-layout-flow wp-block-column-is-layout-flow\"><\/div>\n\n\n\n<div class=\"wp-block-column is-layout-flow wp-block-column-is-layout-flow\"><\/div>\n<\/div>\n\n\n\n<div class=\"wp-block-columns is-layout-flex wp-container-core-columns-is-layout-9d6595d7 wp-block-columns-is-layout-flex\">\n<div class=\"wp-block-column is-layout-flow wp-block-column-is-layout-flow\" style=\"flex-basis:33.33%\">\n<figure class=\"wp-block-image size-large\"><img decoding=\"async\" width=\"320\" height=\"232\" data-src=\"https:\/\/www.reddingsbrigadenoordwijk.nl\/wp-content\/uploads\/2021\/04\/20110421-01.jpeg\" alt=\"\" class=\"wp-image-10661 lazyload\" data-srcset=\"https:\/\/www.reddingsbrigadenoordwijk.nl\/wp-content\/uploads\/2021\/04\/20110421-01.jpeg 320w, https:\/\/www.reddingsbrigadenoordwijk.nl\/wp-content\/uploads\/2021\/04\/20110421-01-300x218.jpeg 300w, https:\/\/www.reddingsbrigadenoordwijk.nl\/wp-content\/uploads\/2021\/04\/20110421-01-16x12.jpeg 16w\" data-sizes=\"(max-width: 320px) 100vw, 320px\" src=\"data:image\/svg+xml;base64,PHN2ZyB3aWR0aD0iMSIgaGVpZ2h0PSIxIiB4bWxucz0iaHR0cDovL3d3dy53My5vcmcvMjAwMC9zdmciPjwvc3ZnPg==\" style=\"--smush-placeholder-width: 320px; --smush-placeholder-aspect-ratio: 320\/232;\" \/><\/figure>\n\n\n\n<p><em>Enrico Hazenoot \u00e0 l'extr\u00eame gauche, 4\u00e8me \u00e0 partir de la gauche Harry Groen<\/em><\/p>\n<\/div>\n\n\n\n<div class=\"wp-block-column is-layout-flow wp-block-column-is-layout-flow\" style=\"flex-basis:66.66%\">\n<h3 class=\"wp-block-heading\">Dossier de format<\/h3>\n\n\n\n<p>C'est le 26 mars 2010 qu'Enrico a \u00e9t\u00e9 \u00e9lu lors de l'assembl\u00e9e g\u00e9n\u00e9rale (ALV) pour succ\u00e9der \u00e0 Hans Bal, qui avait \u00e9t\u00e9 pr\u00e9sident du conseil d'administration de la NRB pendant plus de 19 ans. Le maire de l'\u00e9poque, Harry Groen, a offert au nouveau pr\u00e9sident et au conseiller sortant la salle du conseil comme lieu de r\u00e9union pour cette AG. Un d\u00e9part m\u00e9morable pour Enrico, qui a imm\u00e9diatement pris en charge un dossier important aupr\u00e8s du conseil. \"<em><strong>Apr\u00e8s tout, le conseil \u00e9tait \u00e0 la recherche de nouveaux locaux depuis 1992. Mon objectif \u00e9tait de trouver une nouvelle maison, quoi qu'il arrive.<\/strong><\/em>\" Nous en avons d\u00e9sesp\u00e9r\u00e9ment besoin. <\/p>\n\n\n\n<p>Les personnes, les \u00e9quipements et le mat\u00e9riel sont de plus en plus nombreux et, avec eux, le besoin d'un b\u00e2timent adapt\u00e9 et proche de la mer. Il s'av\u00e8re que ce n'est pas une t\u00e2che facile. Au fil des ans, le fichier s'\u00e9tend sur plusieurs m\u00e8tres. Diff\u00e9rents lieux et formes de coop\u00e9ration sont envisag\u00e9s, ainsi que des discussions politiques et administratives. Au cours de l'hiver 2008-2009, une \"digue dans les dunes\" a \u00e9t\u00e9 construite le long d'une grande partie du boulevard Wilhelmina, dans le cadre du projet de renforcement de la c\u00f4te. Enrico voit une opportunit\u00e9 pour une nouvelle construction sur la plage.<\/p>\n<\/div>\n<\/div>\n\n\n\n<div class=\"wp-block-columns is-layout-flex wp-container-core-columns-is-layout-9d6595d7 wp-block-columns-is-layout-flex\">\n<div class=\"wp-block-column is-layout-flow wp-block-column-is-layout-flow\">\n<p>Peu de temps apr\u00e8s, en 2014, l'ancien \u00e9chevin Bas Brekelmans lui a fait remarquer que l'ancien clubhouse de l'Association de voile (ZVN) \u00e9tait environ 80 cm trop bas selon les normes de l'Office des eaux. Cela a constitu\u00e9 la base de la coop\u00e9ration avec le ZVN et de la coop\u00e9ration de la municipalit\u00e9 pour construire un nouveau poste de secours et un clubhouse pour le ZVN. <strong><em>\"En cette ann\u00e9e 2021, ann\u00e9e du centenaire, le plan se concr\u00e9tisera. Avec le ZVN, le NRB emm\u00e9nagera dans le courant de l'ann\u00e9e dans un magnifique b\u00e2timent multifonctionnel \u00e0 Huis ter Duin, chacun dans sa propre partie du b\u00e2timent\".<\/em><\/strong><\/p>\n<\/div>\n<\/div>\n\n\n\n<div class=\"wp-block-columns is-layout-flex wp-container-core-columns-is-layout-9d6595d7 wp-block-columns-is-layout-flex\">\n<div class=\"wp-block-column is-layout-flow wp-block-column-is-layout-flow\">\n<h3 class=\"wp-block-heading\">R\u00e9gion de s\u00e9curit\u00e9<\/h3>\n\n\n\n<p>Le prochain objectif sera la restructuration des r\u00e9gions de s\u00e9curit\u00e9 en 2010, dont le NRB fera partie. Enrico \u00e9labore des accords de coop\u00e9ration avec la Safety Region, les garde-c\u00f4tes, KNRM et Reddingsbrigade Nederland. \"<strong><em>C'est un moment unique pour nous, en tant que brigades c\u00f4ti\u00e8res, lorsque ces accords d\u00e9bouchent sur une convention avec la r\u00e9gion de s\u00e9curit\u00e9 Hollands-Midden en 2011. Un exemple qui sera suivi par d'autres r\u00e9gions de s\u00e9curit\u00e9.<\/em><\/strong>\" L'une des cons\u00e9quences est l'organisation des exercices nationaux conjoints susmentionn\u00e9s avec la brigade d'alarme. \"<strong><em>Ce sont des exercices dans lesquels nous utilisons souvent deux vlets. C'est tr\u00e8s intensif et en m\u00eame temps nous avons toujours eu beaucoup de plaisir sur la route dans le Laro (Land Rover).<\/em><\/strong>&#8220;<\/p>\n<\/div>\n<\/div>\n\n\n\n<div class=\"wp-block-columns is-layout-flex wp-container-core-columns-is-layout-9d6595d7 wp-block-columns-is-layout-flex\">\n<div class=\"wp-block-column is-layout-flow wp-block-column-is-layout-flow\">\n<h3 class=\"wp-block-heading\">Coupe du monde de sauvetage 2016<\/h3>\n\n\n\n<p>En 2012, Reddingsbrigade Nederland a approch\u00e9 Enrico pour lui demander d'organiser les Lifesaving Ocean Events, qui font partie de la Coupe du monde de sauvetage internationale, sur la plage et le boulevard de Noordwijk en 2016. Enrico et le conseil d'administration ont pens\u00e9 que c'\u00e9tait une opportunit\u00e9 unique et ont accept\u00e9. <strong><em>\"Je suis toujours fier de la fa\u00e7on dont nous avons r\u00e9ussi. Une organisation \u00e9norme pour nos volontaires. Nous pouvons nous r\u00e9jouir d'un \u00e9v\u00e9nement unique, spectaculaire et r\u00e9ussi.\"<\/em><\/strong><\/p>\n\n\n\n<p>Enrico n'a plus entendu un seul son apr\u00e8s. Pas plus que ses coll\u00e8gues de la brigade d'Eindhoven, o\u00f9 une autre partie de la Coupe du monde s'est d\u00e9roul\u00e9e au stade de natation Pieter van den Hoogeband.<\/p>\n<\/div>\n\n\n\n<div class=\"wp-block-column is-layout-flow wp-block-column-is-layout-flow\">\n<figure class=\"wp-block-image size-large\"><img decoding=\"async\" width=\"1024\" height=\"576\" data-src=\"https:\/\/www.reddingsbrigadenoordwijk.nl\/wp-content\/uploads\/2021\/04\/20160914-18-1024x576.jpg\" alt=\"\" class=\"wp-image-10666 lazyload\" data-srcset=\"https:\/\/www.reddingsbrigadenoordwijk.nl\/wp-content\/uploads\/2021\/04\/20160914-18-1024x576.jpg 1024w, https:\/\/www.reddingsbrigadenoordwijk.nl\/wp-content\/uploads\/2021\/04\/20160914-18-300x169.jpg 300w, https:\/\/www.reddingsbrigadenoordwijk.nl\/wp-content\/uploads\/2021\/04\/20160914-18-768x432.jpg 768w, https:\/\/www.reddingsbrigadenoordwijk.nl\/wp-content\/uploads\/2021\/04\/20160914-18-1536x864.jpg 1536w, https:\/\/www.reddingsbrigadenoordwijk.nl\/wp-content\/uploads\/2021\/04\/20160914-18-16x9.jpg 16w, https:\/\/www.reddingsbrigadenoordwijk.nl\/wp-content\/uploads\/2021\/04\/20160914-18-848x477.jpg 848w, https:\/\/www.reddingsbrigadenoordwijk.nl\/wp-content\/uploads\/2021\/04\/20160914-18-1140x641.jpg 1140w, https:\/\/www.reddingsbrigadenoordwijk.nl\/wp-content\/uploads\/2021\/04\/20160914-18-1170x658.jpg 1170w, https:\/\/www.reddingsbrigadenoordwijk.nl\/wp-content\/uploads\/2021\/04\/20160914-18.jpg 1600w\" data-sizes=\"(max-width: 1024px) 100vw, 1024px\" src=\"data:image\/svg+xml;base64,PHN2ZyB3aWR0aD0iMSIgaGVpZ2h0PSIxIiB4bWxucz0iaHR0cDovL3d3dy53My5vcmcvMjAwMC9zdmciPjwvc3ZnPg==\" style=\"--smush-placeholder-width: 1024px; --smush-placeholder-aspect-ratio: 1024\/576;\" \/><\/figure>\n<\/div>\n<\/div>\n\n\n\n<div class=\"wp-block-columns is-layout-flex wp-container-core-columns-is-layout-9d6595d7 wp-block-columns-is-layout-flex\">\n<div class=\"wp-block-column is-layout-flow wp-block-column-is-layout-flow\">\n<h3 class=\"wp-block-heading\">La jeunesse et l'avenir<\/h3>\n\n\n\n<p>Apr\u00e8s 11 ans de pr\u00e9sidence, Enrico a remis le marteau le 26 mars. Je voulais vraiment vivre l'\u00e9tape du 100e anniversaire en tant que pr\u00e9sident. Il est maintenant temps d'apporter du sang neuf, dans l'int\u00e9r\u00eat de l'association. J'ai toute confiance en mon successeur Harry Admiraal, qui conna\u00eet parfaitement la NRB. Il a \u00e9t\u00e9 membre de l'\u00e9quipe d'alarme, membre du conseil d'administration d'un pr\u00e9c\u00e9dent conseil et, depuis six mois, secr\u00e9taire adjoint du conseil actuel. \u00c0 ce titre, il a \u00e9galement pris l'initiative de travailler au renouvellement d'une brigade \u00e0 l'\u00e9preuve du temps. Voir \u00e9galement le plan d'action pluriannuel NRB-2021-2023. Lors de l'ALV, Enrico a \u00e9t\u00e9 nomm\u00e9 membre d'honneur de l'association pour ses nombreuses ann\u00e9es de service. Lorsqu'on lui a demand\u00e9 quel message il souhaitait transmettre au NRB, il a r\u00e9pondu :&nbsp;<\/p>\n<\/div>\n<\/div>\n\n\n\n<div class=\"wp-block-columns is-layout-flex wp-container-core-columns-is-layout-9d6595d7 wp-block-columns-is-layout-flex\">\n<div class=\"wp-block-column is-layout-flow wp-block-column-is-layout-flow\">\n<blockquote class=\"wp-block-quote is-layout-flow wp-block-quote-is-layout-flow\"><p><strong><em>\"Cultivez la jeunesse. Essayez de les int\u00e9resser et de les faire participer. Par exemple, avec un mat\u00e9riel attrayant et adapt\u00e9 aux jeunes sauveteurs. Donnez-leur des responsabilit\u00e9s (ad\u00e9quates). Qu'ils fassent un \u00e9cart, mais d'une mani\u00e8re responsable.\"<\/em><\/strong><\/p><p><strong><em>\"Les habitants de Noordwijk peuvent \u00eatre fiers de la pr\u00e9sence d'une \u00e9quipe de sauvetage comme la NRB dans leur municipalit\u00e9. Et vous \u00eates tous les bienvenus sur la plage pour vous familiariser avec notre nouveau b\u00e2timent et nos m\u00e9thodes de travail au cours de l'ann\u00e9e.\"<\/em><\/strong><\/p><\/blockquote>\n<\/div>\n<\/div>","protected":false},"excerpt":{"rendered":"<p>Bilan et portrait du pr\u00e9sident sortant Enrico Hazenoot<\/p>","protected":false},"author":3,"featured_media":10666,"comment_status":"closed","ping_status":"closed","sticky":false,"template":"","format":"standard","meta":{"_acf_changed":false,"footnotes":""},"categories":[4],"tags":[],"class_list":["post-10653","post","type-post","status-publish","format-standard","has-post-thumbnail","hentry","category-nieuws"],"acf":[],"yoast_head":"<!-- This site is optimized with the Yoast SEO plugin v27.5 - https:\/\/yoast.com\/product\/yoast-seo-wordpress\/ -->\n<title>Reddingsbrigade om trots op te zijn - Reddingsbrigade Noordwijk<\/title>\n<meta name=\"robots\" content=\"index, follow, max-snippet:-1, max-image-preview:large, max-video-preview:-1\" \/>\n<link rel=\"canonical\" href=\"https:\/\/www.reddingsbrigadenoordwijk.nl\/fr\/archief\/reddingsbrigade-om-trots-op-te-zijn\/\" \/>\n<meta property=\"og:locale\" content=\"fr_FR\" \/>\n<meta property=\"og:type\" content=\"article\" \/>\n<meta property=\"og:title\" content=\"Reddingsbrigade om trots op te zijn - Reddingsbrigade Noordwijk\" \/>\n<meta property=\"og:description\" content=\"Terugblik en portret van scheidend voorzitter Enrico Hazenoot\" \/>\n<meta property=\"og:url\" content=\"https:\/\/www.reddingsbrigadenoordwijk.nl\/fr\/archief\/reddingsbrigade-om-trots-op-te-zijn\/\" \/>\n<meta property=\"og:site_name\" content=\"Reddingsbrigade Noordwijk\" \/>\n<meta property=\"article:published_time\" content=\"2021-04-03T11:44:09+00:00\" \/>\n<meta property=\"article:modified_time\" content=\"2021-05-26T08:32:22+00:00\" \/>\n<meta property=\"og:image\" content=\"https:\/\/www.reddingsbrigadenoordwijk.nl\/wp-content\/uploads\/2021\/04\/20160914-18.jpg\" \/>\n\t<meta property=\"og:image:width\" content=\"1600\" \/>\n\t<meta property=\"og:image:height\" content=\"900\" \/>\n\t<meta property=\"og:image:type\" content=\"image\/jpeg\" \/>\n<meta name=\"author\" content=\"Promotie NRB\" \/>\n<meta name=\"twitter:card\" content=\"summary_large_image\" \/>\n<meta name=\"twitter:label1\" content=\"\u00c9crit par\" \/>\n\t<meta name=\"twitter:data1\" content=\"Promotie NRB\" \/>\n\t<meta name=\"twitter:label2\" content=\"Dur\u00e9e de lecture estim\u00e9e\" \/>\n\t<meta name=\"twitter:data2\" content=\"6 minutes\" \/>\n<script type=\"application\/ld+json\" class=\"yoast-schema-graph\">{\"@context\":\"https:\\\/\\\/schema.org\",\"@graph\":[{\"@type\":\"Article\",\"@id\":\"https:\\\/\\\/www.reddingsbrigadenoordwijk.nl\\\/archief\\\/reddingsbrigade-om-trots-op-te-zijn\\\/#article\",\"isPartOf\":{\"@id\":\"https:\\\/\\\/www.reddingsbrigadenoordwijk.nl\\\/archief\\\/reddingsbrigade-om-trots-op-te-zijn\\\/\"},\"author\":{\"name\":\"Promotie NRB\",\"@id\":\"https:\\\/\\\/www.reddingsbrigadenoordwijk.nl\\\/#\\\/schema\\\/person\\\/f09292697493a12dca713cdb67c474ee\"},\"headline\":\"Reddingsbrigade om trots op te zijn\",\"datePublished\":\"2021-04-03T11:44:09+00:00\",\"dateModified\":\"2021-05-26T08:32:22+00:00\",\"mainEntityOfPage\":{\"@id\":\"https:\\\/\\\/www.reddingsbrigadenoordwijk.nl\\\/archief\\\/reddingsbrigade-om-trots-op-te-zijn\\\/\"},\"wordCount\":1153,\"image\":{\"@id\":\"https:\\\/\\\/www.reddingsbrigadenoordwijk.nl\\\/archief\\\/reddingsbrigade-om-trots-op-te-zijn\\\/#primaryimage\"},\"thumbnailUrl\":\"https:\\\/\\\/www.reddingsbrigadenoordwijk.nl\\\/wp-content\\\/uploads\\\/2021\\\/04\\\/20160914-18.jpg\",\"articleSection\":[\"Nieuwsberichten\"],\"inLanguage\":\"fr-FR\"},{\"@type\":\"WebPage\",\"@id\":\"https:\\\/\\\/www.reddingsbrigadenoordwijk.nl\\\/archief\\\/reddingsbrigade-om-trots-op-te-zijn\\\/\",\"url\":\"https:\\\/\\\/www.reddingsbrigadenoordwijk.nl\\\/archief\\\/reddingsbrigade-om-trots-op-te-zijn\\\/\",\"name\":\"Reddingsbrigade om trots op te zijn - Reddingsbrigade Noordwijk\",\"isPartOf\":{\"@id\":\"https:\\\/\\\/www.reddingsbrigadenoordwijk.nl\\\/#website\"},\"primaryImageOfPage\":{\"@id\":\"https:\\\/\\\/www.reddingsbrigadenoordwijk.nl\\\/archief\\\/reddingsbrigade-om-trots-op-te-zijn\\\/#primaryimage\"},\"image\":{\"@id\":\"https:\\\/\\\/www.reddingsbrigadenoordwijk.nl\\\/archief\\\/reddingsbrigade-om-trots-op-te-zijn\\\/#primaryimage\"},\"thumbnailUrl\":\"https:\\\/\\\/www.reddingsbrigadenoordwijk.nl\\\/wp-content\\\/uploads\\\/2021\\\/04\\\/20160914-18.jpg\",\"datePublished\":\"2021-04-03T11:44:09+00:00\",\"dateModified\":\"2021-05-26T08:32:22+00:00\",\"author\":{\"@id\":\"https:\\\/\\\/www.reddingsbrigadenoordwijk.nl\\\/#\\\/schema\\\/person\\\/f09292697493a12dca713cdb67c474ee\"},\"breadcrumb\":{\"@id\":\"https:\\\/\\\/www.reddingsbrigadenoordwijk.nl\\\/archief\\\/reddingsbrigade-om-trots-op-te-zijn\\\/#breadcrumb\"},\"inLanguage\":\"fr-FR\",\"potentialAction\":[{\"@type\":\"ReadAction\",\"target\":[\"https:\\\/\\\/www.reddingsbrigadenoordwijk.nl\\\/archief\\\/reddingsbrigade-om-trots-op-te-zijn\\\/\"]}]},{\"@type\":\"ImageObject\",\"inLanguage\":\"fr-FR\",\"@id\":\"https:\\\/\\\/www.reddingsbrigadenoordwijk.nl\\\/archief\\\/reddingsbrigade-om-trots-op-te-zijn\\\/#primaryimage\",\"url\":\"https:\\\/\\\/www.reddingsbrigadenoordwijk.nl\\\/wp-content\\\/uploads\\\/2021\\\/04\\\/20160914-18.jpg\",\"contentUrl\":\"https:\\\/\\\/www.reddingsbrigadenoordwijk.nl\\\/wp-content\\\/uploads\\\/2021\\\/04\\\/20160914-18.jpg\",\"width\":1600,\"height\":900},{\"@type\":\"BreadcrumbList\",\"@id\":\"https:\\\/\\\/www.reddingsbrigadenoordwijk.nl\\\/archief\\\/reddingsbrigade-om-trots-op-te-zijn\\\/#breadcrumb\",\"itemListElement\":[{\"@type\":\"ListItem\",\"position\":1,\"name\":\"Home\",\"item\":\"https:\\\/\\\/www.reddingsbrigadenoordwijk.nl\\\/\"},{\"@type\":\"ListItem\",\"position\":2,\"name\":\"Reddingsbrigade om trots op te zijn\"}]},{\"@type\":\"WebSite\",\"@id\":\"https:\\\/\\\/www.reddingsbrigadenoordwijk.nl\\\/#website\",\"url\":\"https:\\\/\\\/www.reddingsbrigadenoordwijk.nl\\\/\",\"name\":\"Reddingsbrigade Noordwijk\",\"description\":\"NRB\",\"potentialAction\":[{\"@type\":\"SearchAction\",\"target\":{\"@type\":\"EntryPoint\",\"urlTemplate\":\"https:\\\/\\\/www.reddingsbrigadenoordwijk.nl\\\/?s={search_term_string}\"},\"query-input\":{\"@type\":\"PropertyValueSpecification\",\"valueRequired\":true,\"valueName\":\"search_term_string\"}}],\"inLanguage\":\"fr-FR\"},{\"@type\":\"Person\",\"@id\":\"https:\\\/\\\/www.reddingsbrigadenoordwijk.nl\\\/#\\\/schema\\\/person\\\/f09292697493a12dca713cdb67c474ee\",\"name\":\"Promotie NRB\",\"image\":{\"@type\":\"ImageObject\",\"inLanguage\":\"fr-FR\",\"@id\":\"https:\\\/\\\/secure.gravatar.com\\\/avatar\\\/038097506418c501b1886c1253672b8a31a8c0e90c6bb0e72f8a778fb61a183b?s=96&d=mm&r=g\",\"url\":\"https:\\\/\\\/secure.gravatar.com\\\/avatar\\\/038097506418c501b1886c1253672b8a31a8c0e90c6bb0e72f8a778fb61a183b?s=96&d=mm&r=g\",\"contentUrl\":\"https:\\\/\\\/secure.gravatar.com\\\/avatar\\\/038097506418c501b1886c1253672b8a31a8c0e90c6bb0e72f8a778fb61a183b?s=96&d=mm&r=g\",\"caption\":\"Promotie NRB\"},\"url\":\"https:\\\/\\\/www.reddingsbrigadenoordwijk.nl\\\/fr\\\/archief\\\/author\\\/promotie-nrb\\\/\"}]}<\/script>\n<!-- \/ Yoast SEO plugin. -->","yoast_head_json":{"title":"Une Reddingsbrigade dont on peut \u00eatre fier - Reddingsbrigade Noordwijk","robots":{"index":"index","follow":"follow","max-snippet":"max-snippet:-1","max-image-preview":"max-image-preview:large","max-video-preview":"max-video-preview:-1"},"canonical":"https:\/\/www.reddingsbrigadenoordwijk.nl\/fr\/archief\/reddingsbrigade-om-trots-op-te-zijn\/","og_locale":"fr_FR","og_type":"article","og_title":"Reddingsbrigade om trots op te zijn - Reddingsbrigade Noordwijk","og_description":"Terugblik en portret van scheidend voorzitter Enrico Hazenoot","og_url":"https:\/\/www.reddingsbrigadenoordwijk.nl\/fr\/archief\/reddingsbrigade-om-trots-op-te-zijn\/","og_site_name":"Reddingsbrigade Noordwijk","article_published_time":"2021-04-03T11:44:09+00:00","article_modified_time":"2021-05-26T08:32:22+00:00","og_image":[{"width":1600,"height":900,"url":"https:\/\/www.reddingsbrigadenoordwijk.nl\/wp-content\/uploads\/2021\/04\/20160914-18.jpg","type":"image\/jpeg"}],"author":"Promotie NRB","twitter_card":"summary_large_image","twitter_misc":{"\u00c9crit par":"Promotie NRB","Dur\u00e9e de lecture estim\u00e9e":"6 minutes"},"schema":{"@context":"https:\/\/schema.org","@graph":[{"@type":"Article","@id":"https:\/\/www.reddingsbrigadenoordwijk.nl\/archief\/reddingsbrigade-om-trots-op-te-zijn\/#article","isPartOf":{"@id":"https:\/\/www.reddingsbrigadenoordwijk.nl\/archief\/reddingsbrigade-om-trots-op-te-zijn\/"},"author":{"name":"Promotie NRB","@id":"https:\/\/www.reddingsbrigadenoordwijk.nl\/#\/schema\/person\/f09292697493a12dca713cdb67c474ee"},"headline":"Reddingsbrigade om trots op te zijn","datePublished":"2021-04-03T11:44:09+00:00","dateModified":"2021-05-26T08:32:22+00:00","mainEntityOfPage":{"@id":"https:\/\/www.reddingsbrigadenoordwijk.nl\/archief\/reddingsbrigade-om-trots-op-te-zijn\/"},"wordCount":1153,"image":{"@id":"https:\/\/www.reddingsbrigadenoordwijk.nl\/archief\/reddingsbrigade-om-trots-op-te-zijn\/#primaryimage"},"thumbnailUrl":"https:\/\/www.reddingsbrigadenoordwijk.nl\/wp-content\/uploads\/2021\/04\/20160914-18.jpg","articleSection":["Nieuwsberichten"],"inLanguage":"fr-FR"},{"@type":"WebPage","@id":"https:\/\/www.reddingsbrigadenoordwijk.nl\/archief\/reddingsbrigade-om-trots-op-te-zijn\/","url":"https:\/\/www.reddingsbrigadenoordwijk.nl\/archief\/reddingsbrigade-om-trots-op-te-zijn\/","name":"Une Reddingsbrigade dont on peut \u00eatre fier - Reddingsbrigade Noordwijk","isPartOf":{"@id":"https:\/\/www.reddingsbrigadenoordwijk.nl\/#website"},"primaryImageOfPage":{"@id":"https:\/\/www.reddingsbrigadenoordwijk.nl\/archief\/reddingsbrigade-om-trots-op-te-zijn\/#primaryimage"},"image":{"@id":"https:\/\/www.reddingsbrigadenoordwijk.nl\/archief\/reddingsbrigade-om-trots-op-te-zijn\/#primaryimage"},"thumbnailUrl":"https:\/\/www.reddingsbrigadenoordwijk.nl\/wp-content\/uploads\/2021\/04\/20160914-18.jpg","datePublished":"2021-04-03T11:44:09+00:00","dateModified":"2021-05-26T08:32:22+00:00","author":{"@id":"https:\/\/www.reddingsbrigadenoordwijk.nl\/#\/schema\/person\/f09292697493a12dca713cdb67c474ee"},"breadcrumb":{"@id":"https:\/\/www.reddingsbrigadenoordwijk.nl\/archief\/reddingsbrigade-om-trots-op-te-zijn\/#breadcrumb"},"inLanguage":"fr-FR","potentialAction":[{"@type":"ReadAction","target":["https:\/\/www.reddingsbrigadenoordwijk.nl\/archief\/reddingsbrigade-om-trots-op-te-zijn\/"]}]},{"@type":"ImageObject","inLanguage":"fr-FR","@id":"https:\/\/www.reddingsbrigadenoordwijk.nl\/archief\/reddingsbrigade-om-trots-op-te-zijn\/#primaryimage","url":"https:\/\/www.reddingsbrigadenoordwijk.nl\/wp-content\/uploads\/2021\/04\/20160914-18.jpg","contentUrl":"https:\/\/www.reddingsbrigadenoordwijk.nl\/wp-content\/uploads\/2021\/04\/20160914-18.jpg","width":1600,"height":900},{"@type":"BreadcrumbList","@id":"https:\/\/www.reddingsbrigadenoordwijk.nl\/archief\/reddingsbrigade-om-trots-op-te-zijn\/#breadcrumb","itemListElement":[{"@type":"ListItem","position":1,"name":"Home","item":"https:\/\/www.reddingsbrigadenoordwijk.nl\/"},{"@type":"ListItem","position":2,"name":"Reddingsbrigade om trots op te zijn"}]},{"@type":"WebSite","@id":"https:\/\/www.reddingsbrigadenoordwijk.nl\/#website","url":"https:\/\/www.reddingsbrigadenoordwijk.nl\/","name":"\u00c9quipe de sauvetage de Noordwijk","description":"NRB","potentialAction":[{"@type":"SearchAction","target":{"@type":"EntryPoint","urlTemplate":"https:\/\/www.reddingsbrigadenoordwijk.nl\/?s={search_term_string}"},"query-input":{"@type":"PropertyValueSpecification","valueRequired":true,"valueName":"search_term_string"}}],"inLanguage":"fr-FR"},{"@type":"Person","@id":"https:\/\/www.reddingsbrigadenoordwijk.nl\/#\/schema\/person\/f09292697493a12dca713cdb67c474ee","name":"Promotion de la NRB","image":{"@type":"ImageObject","inLanguage":"fr-FR","@id":"https:\/\/secure.gravatar.com\/avatar\/038097506418c501b1886c1253672b8a31a8c0e90c6bb0e72f8a778fb61a183b?s=96&d=mm&r=g","url":"https:\/\/secure.gravatar.com\/avatar\/038097506418c501b1886c1253672b8a31a8c0e90c6bb0e72f8a778fb61a183b?s=96&d=mm&r=g","contentUrl":"https:\/\/secure.gravatar.com\/avatar\/038097506418c501b1886c1253672b8a31a8c0e90c6bb0e72f8a778fb61a183b?s=96&d=mm&r=g","caption":"Promotie NRB"},"url":"https:\/\/www.reddingsbrigadenoordwijk.nl\/fr\/archief\/author\/promotie-nrb\/"}]}},"_links":{"self":[{"href":"https:\/\/www.reddingsbrigadenoordwijk.nl\/fr\/wp-json\/wp\/v2\/posts\/10653","targetHints":{"allow":["GET"]}}],"collection":[{"href":"https:\/\/www.reddingsbrigadenoordwijk.nl\/fr\/wp-json\/wp\/v2\/posts"}],"about":[{"href":"https:\/\/www.reddingsbrigadenoordwijk.nl\/fr\/wp-json\/wp\/v2\/types\/post"}],"author":[{"embeddable":true,"href":"https:\/\/www.reddingsbrigadenoordwijk.nl\/fr\/wp-json\/wp\/v2\/users\/3"}],"replies":[{"embeddable":true,"href":"https:\/\/www.reddingsbrigadenoordwijk.nl\/fr\/wp-json\/wp\/v2\/comments?post=10653"}],"version-history":[{"count":0,"href":"https:\/\/www.reddingsbrigadenoordwijk.nl\/fr\/wp-json\/wp\/v2\/posts\/10653\/revisions"}],"wp:featuredmedia":[{"embeddable":true,"href":"https:\/\/www.reddingsbrigadenoordwijk.nl\/fr\/wp-json\/wp\/v2\/media\/10666"}],"wp:attachment":[{"href":"https:\/\/www.reddingsbrigadenoordwijk.nl\/fr\/wp-json\/wp\/v2\/media?parent=10653"}],"wp:term":[{"taxonomy":"category","embeddable":true,"href":"https:\/\/www.reddingsbrigadenoordwijk.nl\/fr\/wp-json\/wp\/v2\/categories?post=10653"},{"taxonomy":"post_tag","embeddable":true,"href":"https:\/\/www.reddingsbrigadenoordwijk.nl\/fr\/wp-json\/wp\/v2\/tags?post=10653"}],"curies":[{"name":"wp","href":"https:\/\/api.w.org\/{rel}","templated":true}]}}