{"id":10253,"date":"2021-03-17T11:08:03","date_gmt":"2021-03-17T10:08:03","guid":{"rendered":"https:\/\/www.reddingsbrigadenoordwijk.nl\/?p=10253"},"modified":"2021-04-03T14:06:24","modified_gmt":"2021-04-03T12:06:24","slug":"yes-we-gaan-weer-beginnen-met-de-zwemles-t-m-12-jaar","status":"publish","type":"post","link":"https:\/\/www.reddingsbrigadenoordwijk.nl\/fr\/archief\/oui-nous-commencons-avec-la-lecon-de-natation-t-m-12-annees\/","title":{"rendered":"Oui ! Nous allons recommencer avec les cours de natation jusqu'\u00e0 12 ans."},"content":{"rendered":"<p>A partir du 16 mars, nous pouvons commencer les cours de natation pour les enfants jusqu'\u00e0 12 ans. Cela signifie que nous pouvons commencer par les groupes de natation dans la piscine du groupe cible, pour les dipl\u00f4mes A, B et C, mais aussi les sauveteurs juniors jusqu'\u00e0 12 ans. Pour pouvoir reprendre les cours de natation, toutes les mesures doivent \u00eatre prises. Nous vous demandons de prendre en compte les \u00e9l\u00e9ments suivants :<\/p>\n\n\n\n<h2 class=\"wp-block-heading\">Avant de venir \u00e0 la piscine<\/h2>\n\n\n\n<ul class=\"wp-block-list\"><li>Ne venez pas \u00e0 la piscine si vous avez des sympt\u00f4mes de corona (COVID-19) ;<\/li><li>Allez aux toilettes \u00e0 la maison avant de vous rendre \u00e0 la piscine ;<\/li><li>Les douches de la piscine sont ferm\u00e9es ;<\/li><li>Mettez votre maillot de bain \u00e0 la maison ;<\/li><li>Par enfant, un maximum de 1 parent\/tuteur est autoris\u00e9 \u00e0 venir \u00e0 la piscine ;<\/li><li>N'arrivez pas au logement plus de 10 minutes avant l'heure de d\u00e9part convenue.<\/li><\/ul>\n\n\n\n<h2 class=\"wp-block-heading\">Quand vous \u00eates \u00e0 la piscine<\/h2>\n\n\n\n<ul class=\"wp-block-list\"><li>En entrant, vous devez vous d\u00e9sinfecter les mains avant de pouvoir continuer \u00e0 marcher ;<\/li><li>Seul le parent\/gardien des enfants nageant dans la piscine du groupe cible peut entrer avec l'enfant. Apr\u00e8s vous \u00eatre d\u00e9shabill\u00e9, sortez avec les affaires de votre enfant dans un sac ;<\/li><li>Les enfants qui se baignent dans la piscine profonde disposent d'un grand sac dans lequel ils peuvent mettre leurs v\u00eatements de dessus. Ils d\u00e9posent ce sac sur les bancs le long de la piscine.<\/li><\/ul>\n\n\n\n<h2 class=\"wp-block-heading\">Pendant et apr\u00e8s la baignade<\/h2>\n\n\n\n<ul class=\"wp-block-list\"><li>Veuillez prendre une douche \u00e0 la maison apr\u00e8s la baignade, les douches de la piscine sont ferm\u00e9es ;<\/li><li>Imm\u00e9diatement apr\u00e8s la baignade, quittez le logement le plus rapidement possible par le cheminement vers la sortie d\u00e9sign\u00e9e ;<\/li><li>Lorsque les enfants s'habillent, les volontaires circulent pour les soutenir.<\/li><\/ul>\n\n\n\n<h2 class=\"wp-block-heading\">Masques anti-poussi\u00e8re<\/h2>\n\n\n\n<p>Le port d'un masque buccal est obligatoire dans nos locaux pour toute personne \u00e2g\u00e9e de plus de 13 ans. Si vous ne pouvez pas porter de masque buccal, veuillez utiliser un masque facial pour prot\u00e9ger votre sant\u00e9 et celle des autres visiteurs. Le masque buccal ou le masque facial est port\u00e9 dans le hall central, les vestiaires et le parcours de marche. Il en va de m\u00eame lorsque vous changez les v\u00eatements de votre enfant dans le vestiaire ou les cabines.<\/p>\n\n\n\n<h2 class=\"wp-block-heading\">Nous l'attendons avec impatience ! Vous l'\u00eates aussi ?<\/h2>\n\n\n\n<p>Pour toute question, veuillez contacter la direction de la piscine.<\/p>\n\n\n\n<div class=\"wp-block-buttons is-layout-flex wp-block-buttons-is-layout-flex\">\n<div class=\"wp-block-button\"><a class=\"wp-block-button__link\" href=\"mailto:zwembadadministratie@reddingsbrigadenoordwijk.nl\">Gestion du pool d'e-mails<\/a><\/div>\n<\/div>","protected":false},"excerpt":{"rendered":"<p>A partir du 16 mars, nous pouvons commencer les cours de natation pour les enfants jusqu'\u00e0 12 ans.<\/p>","protected":false},"author":3,"featured_media":10255,"comment_status":"closed","ping_status":"closed","sticky":false,"template":"","format":"standard","meta":{"_acf_changed":false,"footnotes":""},"categories":[4],"tags":[],"class_list":["post-10253","post","type-post","status-publish","format-standard","has-post-thumbnail","hentry","category-nieuws"],"acf":[],"yoast_head":"<!-- This site is optimized with the Yoast SEO plugin v27.5 - https:\/\/yoast.com\/product\/yoast-seo-wordpress\/ -->\n<title>Yes! We gaan weer beginnen met de zwemles t\/m 12 jaar - Reddingsbrigade Noordwijk<\/title>\n<meta name=\"robots\" content=\"index, follow, max-snippet:-1, max-image-preview:large, max-video-preview:-1\" \/>\n<link rel=\"canonical\" href=\"https:\/\/www.reddingsbrigadenoordwijk.nl\/fr\/archief\/yes-we-gaan-weer-beginnen-met-de-zwemles-t-m-12-jaar\/\" \/>\n<meta property=\"og:locale\" content=\"fr_FR\" \/>\n<meta property=\"og:type\" content=\"article\" \/>\n<meta property=\"og:title\" content=\"Yes! We gaan weer beginnen met de zwemles t\/m 12 jaar - Reddingsbrigade Noordwijk\" \/>\n<meta property=\"og:description\" content=\"Per 16 maart mogen wij de zwemlessen opstarten voor de kinderen t\/m 12 jaar.\" \/>\n<meta property=\"og:url\" content=\"https:\/\/www.reddingsbrigadenoordwijk.nl\/fr\/archief\/yes-we-gaan-weer-beginnen-met-de-zwemles-t-m-12-jaar\/\" \/>\n<meta property=\"og:site_name\" content=\"Reddingsbrigade Noordwijk\" \/>\n<meta property=\"article:published_time\" content=\"2021-03-17T10:08:03+00:00\" \/>\n<meta property=\"article:modified_time\" content=\"2021-04-03T12:06:24+00:00\" \/>\n<meta property=\"og:image\" content=\"https:\/\/www.reddingsbrigadenoordwijk.nl\/wp-content\/uploads\/2021\/03\/130745212_2732079000378040_4101118840771950909_o.jpg\" \/>\n\t<meta property=\"og:image:width\" content=\"1317\" \/>\n\t<meta property=\"og:image:height\" content=\"640\" \/>\n\t<meta property=\"og:image:type\" content=\"image\/jpeg\" \/>\n<meta name=\"author\" content=\"Promotie NRB\" \/>\n<meta name=\"twitter:card\" content=\"summary_large_image\" \/>\n<meta name=\"twitter:label1\" content=\"\u00c9crit par\" \/>\n\t<meta name=\"twitter:data1\" content=\"Promotie NRB\" \/>\n\t<meta name=\"twitter:label2\" content=\"Dur\u00e9e de lecture estim\u00e9e\" \/>\n\t<meta name=\"twitter:data2\" content=\"2 minutes\" \/>\n<script type=\"application\/ld+json\" class=\"yoast-schema-graph\">{\"@context\":\"https:\\\/\\\/schema.org\",\"@graph\":[{\"@type\":\"Article\",\"@id\":\"https:\\\/\\\/www.reddingsbrigadenoordwijk.nl\\\/archief\\\/yes-we-gaan-weer-beginnen-met-de-zwemles-t-m-12-jaar\\\/#article\",\"isPartOf\":{\"@id\":\"https:\\\/\\\/www.reddingsbrigadenoordwijk.nl\\\/archief\\\/yes-we-gaan-weer-beginnen-met-de-zwemles-t-m-12-jaar\\\/\"},\"author\":{\"name\":\"Promotie NRB\",\"@id\":\"https:\\\/\\\/www.reddingsbrigadenoordwijk.nl\\\/#\\\/schema\\\/person\\\/f09292697493a12dca713cdb67c474ee\"},\"headline\":\"Yes! We gaan weer beginnen met de zwemles t\\\/m 12 jaar\",\"datePublished\":\"2021-03-17T10:08:03+00:00\",\"dateModified\":\"2021-04-03T12:06:24+00:00\",\"mainEntityOfPage\":{\"@id\":\"https:\\\/\\\/www.reddingsbrigadenoordwijk.nl\\\/archief\\\/yes-we-gaan-weer-beginnen-met-de-zwemles-t-m-12-jaar\\\/\"},\"wordCount\":348,\"image\":{\"@id\":\"https:\\\/\\\/www.reddingsbrigadenoordwijk.nl\\\/archief\\\/yes-we-gaan-weer-beginnen-met-de-zwemles-t-m-12-jaar\\\/#primaryimage\"},\"thumbnailUrl\":\"https:\\\/\\\/www.reddingsbrigadenoordwijk.nl\\\/wp-content\\\/uploads\\\/2021\\\/03\\\/130745212_2732079000378040_4101118840771950909_o.jpg\",\"articleSection\":[\"Nieuwsberichten\"],\"inLanguage\":\"fr-FR\"},{\"@type\":\"WebPage\",\"@id\":\"https:\\\/\\\/www.reddingsbrigadenoordwijk.nl\\\/archief\\\/yes-we-gaan-weer-beginnen-met-de-zwemles-t-m-12-jaar\\\/\",\"url\":\"https:\\\/\\\/www.reddingsbrigadenoordwijk.nl\\\/archief\\\/yes-we-gaan-weer-beginnen-met-de-zwemles-t-m-12-jaar\\\/\",\"name\":\"Yes! We gaan weer beginnen met de zwemles t\\\/m 12 jaar - Reddingsbrigade Noordwijk\",\"isPartOf\":{\"@id\":\"https:\\\/\\\/www.reddingsbrigadenoordwijk.nl\\\/#website\"},\"primaryImageOfPage\":{\"@id\":\"https:\\\/\\\/www.reddingsbrigadenoordwijk.nl\\\/archief\\\/yes-we-gaan-weer-beginnen-met-de-zwemles-t-m-12-jaar\\\/#primaryimage\"},\"image\":{\"@id\":\"https:\\\/\\\/www.reddingsbrigadenoordwijk.nl\\\/archief\\\/yes-we-gaan-weer-beginnen-met-de-zwemles-t-m-12-jaar\\\/#primaryimage\"},\"thumbnailUrl\":\"https:\\\/\\\/www.reddingsbrigadenoordwijk.nl\\\/wp-content\\\/uploads\\\/2021\\\/03\\\/130745212_2732079000378040_4101118840771950909_o.jpg\",\"datePublished\":\"2021-03-17T10:08:03+00:00\",\"dateModified\":\"2021-04-03T12:06:24+00:00\",\"author\":{\"@id\":\"https:\\\/\\\/www.reddingsbrigadenoordwijk.nl\\\/#\\\/schema\\\/person\\\/f09292697493a12dca713cdb67c474ee\"},\"breadcrumb\":{\"@id\":\"https:\\\/\\\/www.reddingsbrigadenoordwijk.nl\\\/archief\\\/yes-we-gaan-weer-beginnen-met-de-zwemles-t-m-12-jaar\\\/#breadcrumb\"},\"inLanguage\":\"fr-FR\",\"potentialAction\":[{\"@type\":\"ReadAction\",\"target\":[\"https:\\\/\\\/www.reddingsbrigadenoordwijk.nl\\\/archief\\\/yes-we-gaan-weer-beginnen-met-de-zwemles-t-m-12-jaar\\\/\"]}]},{\"@type\":\"ImageObject\",\"inLanguage\":\"fr-FR\",\"@id\":\"https:\\\/\\\/www.reddingsbrigadenoordwijk.nl\\\/archief\\\/yes-we-gaan-weer-beginnen-met-de-zwemles-t-m-12-jaar\\\/#primaryimage\",\"url\":\"https:\\\/\\\/www.reddingsbrigadenoordwijk.nl\\\/wp-content\\\/uploads\\\/2021\\\/03\\\/130745212_2732079000378040_4101118840771950909_o.jpg\",\"contentUrl\":\"https:\\\/\\\/www.reddingsbrigadenoordwijk.nl\\\/wp-content\\\/uploads\\\/2021\\\/03\\\/130745212_2732079000378040_4101118840771950909_o.jpg\",\"width\":1317,\"height\":640},{\"@type\":\"BreadcrumbList\",\"@id\":\"https:\\\/\\\/www.reddingsbrigadenoordwijk.nl\\\/archief\\\/yes-we-gaan-weer-beginnen-met-de-zwemles-t-m-12-jaar\\\/#breadcrumb\",\"itemListElement\":[{\"@type\":\"ListItem\",\"position\":1,\"name\":\"Home\",\"item\":\"https:\\\/\\\/www.reddingsbrigadenoordwijk.nl\\\/\"},{\"@type\":\"ListItem\",\"position\":2,\"name\":\"Yes! We gaan weer beginnen met de zwemles t\\\/m 12 jaar\"}]},{\"@type\":\"WebSite\",\"@id\":\"https:\\\/\\\/www.reddingsbrigadenoordwijk.nl\\\/#website\",\"url\":\"https:\\\/\\\/www.reddingsbrigadenoordwijk.nl\\\/\",\"name\":\"Reddingsbrigade Noordwijk\",\"description\":\"NRB\",\"potentialAction\":[{\"@type\":\"SearchAction\",\"target\":{\"@type\":\"EntryPoint\",\"urlTemplate\":\"https:\\\/\\\/www.reddingsbrigadenoordwijk.nl\\\/?s={search_term_string}\"},\"query-input\":{\"@type\":\"PropertyValueSpecification\",\"valueRequired\":true,\"valueName\":\"search_term_string\"}}],\"inLanguage\":\"fr-FR\"},{\"@type\":\"Person\",\"@id\":\"https:\\\/\\\/www.reddingsbrigadenoordwijk.nl\\\/#\\\/schema\\\/person\\\/f09292697493a12dca713cdb67c474ee\",\"name\":\"Promotie NRB\",\"image\":{\"@type\":\"ImageObject\",\"inLanguage\":\"fr-FR\",\"@id\":\"https:\\\/\\\/secure.gravatar.com\\\/avatar\\\/038097506418c501b1886c1253672b8a31a8c0e90c6bb0e72f8a778fb61a183b?s=96&d=mm&r=g\",\"url\":\"https:\\\/\\\/secure.gravatar.com\\\/avatar\\\/038097506418c501b1886c1253672b8a31a8c0e90c6bb0e72f8a778fb61a183b?s=96&d=mm&r=g\",\"contentUrl\":\"https:\\\/\\\/secure.gravatar.com\\\/avatar\\\/038097506418c501b1886c1253672b8a31a8c0e90c6bb0e72f8a778fb61a183b?s=96&d=mm&r=g\",\"caption\":\"Promotie NRB\"},\"url\":\"https:\\\/\\\/www.reddingsbrigadenoordwijk.nl\\\/fr\\\/archief\\\/author\\\/promotie-nrb\\\/\"}]}<\/script>\n<!-- \/ Yoast SEO plugin. -->","yoast_head_json":{"title":"Oui ! Nous allons reprendre les cours de natation jusqu'\u00e0 l'\u00e2ge de 12 ans - Reddingsbrigade Noordwijk","robots":{"index":"index","follow":"follow","max-snippet":"max-snippet:-1","max-image-preview":"max-image-preview:large","max-video-preview":"max-video-preview:-1"},"canonical":"https:\/\/www.reddingsbrigadenoordwijk.nl\/fr\/archief\/yes-we-gaan-weer-beginnen-met-de-zwemles-t-m-12-jaar\/","og_locale":"fr_FR","og_type":"article","og_title":"Yes! We gaan weer beginnen met de zwemles t\/m 12 jaar - Reddingsbrigade Noordwijk","og_description":"Per 16 maart mogen wij de zwemlessen opstarten voor de kinderen t\/m 12 jaar.","og_url":"https:\/\/www.reddingsbrigadenoordwijk.nl\/fr\/archief\/yes-we-gaan-weer-beginnen-met-de-zwemles-t-m-12-jaar\/","og_site_name":"Reddingsbrigade Noordwijk","article_published_time":"2021-03-17T10:08:03+00:00","article_modified_time":"2021-04-03T12:06:24+00:00","og_image":[{"width":1317,"height":640,"url":"https:\/\/www.reddingsbrigadenoordwijk.nl\/wp-content\/uploads\/2021\/03\/130745212_2732079000378040_4101118840771950909_o.jpg","type":"image\/jpeg"}],"author":"Promotie NRB","twitter_card":"summary_large_image","twitter_misc":{"\u00c9crit par":"Promotie NRB","Dur\u00e9e de lecture estim\u00e9e":"2 minutes"},"schema":{"@context":"https:\/\/schema.org","@graph":[{"@type":"Article","@id":"https:\/\/www.reddingsbrigadenoordwijk.nl\/archief\/yes-we-gaan-weer-beginnen-met-de-zwemles-t-m-12-jaar\/#article","isPartOf":{"@id":"https:\/\/www.reddingsbrigadenoordwijk.nl\/archief\/yes-we-gaan-weer-beginnen-met-de-zwemles-t-m-12-jaar\/"},"author":{"name":"Promotie NRB","@id":"https:\/\/www.reddingsbrigadenoordwijk.nl\/#\/schema\/person\/f09292697493a12dca713cdb67c474ee"},"headline":"Yes! We gaan weer beginnen met de zwemles t\/m 12 jaar","datePublished":"2021-03-17T10:08:03+00:00","dateModified":"2021-04-03T12:06:24+00:00","mainEntityOfPage":{"@id":"https:\/\/www.reddingsbrigadenoordwijk.nl\/archief\/yes-we-gaan-weer-beginnen-met-de-zwemles-t-m-12-jaar\/"},"wordCount":348,"image":{"@id":"https:\/\/www.reddingsbrigadenoordwijk.nl\/archief\/yes-we-gaan-weer-beginnen-met-de-zwemles-t-m-12-jaar\/#primaryimage"},"thumbnailUrl":"https:\/\/www.reddingsbrigadenoordwijk.nl\/wp-content\/uploads\/2021\/03\/130745212_2732079000378040_4101118840771950909_o.jpg","articleSection":["Nieuwsberichten"],"inLanguage":"fr-FR"},{"@type":"WebPage","@id":"https:\/\/www.reddingsbrigadenoordwijk.nl\/archief\/yes-we-gaan-weer-beginnen-met-de-zwemles-t-m-12-jaar\/","url":"https:\/\/www.reddingsbrigadenoordwijk.nl\/archief\/yes-we-gaan-weer-beginnen-met-de-zwemles-t-m-12-jaar\/","name":"Oui ! Nous allons reprendre les cours de natation jusqu'\u00e0 l'\u00e2ge de 12 ans - Reddingsbrigade Noordwijk","isPartOf":{"@id":"https:\/\/www.reddingsbrigadenoordwijk.nl\/#website"},"primaryImageOfPage":{"@id":"https:\/\/www.reddingsbrigadenoordwijk.nl\/archief\/yes-we-gaan-weer-beginnen-met-de-zwemles-t-m-12-jaar\/#primaryimage"},"image":{"@id":"https:\/\/www.reddingsbrigadenoordwijk.nl\/archief\/yes-we-gaan-weer-beginnen-met-de-zwemles-t-m-12-jaar\/#primaryimage"},"thumbnailUrl":"https:\/\/www.reddingsbrigadenoordwijk.nl\/wp-content\/uploads\/2021\/03\/130745212_2732079000378040_4101118840771950909_o.jpg","datePublished":"2021-03-17T10:08:03+00:00","dateModified":"2021-04-03T12:06:24+00:00","author":{"@id":"https:\/\/www.reddingsbrigadenoordwijk.nl\/#\/schema\/person\/f09292697493a12dca713cdb67c474ee"},"breadcrumb":{"@id":"https:\/\/www.reddingsbrigadenoordwijk.nl\/archief\/yes-we-gaan-weer-beginnen-met-de-zwemles-t-m-12-jaar\/#breadcrumb"},"inLanguage":"fr-FR","potentialAction":[{"@type":"ReadAction","target":["https:\/\/www.reddingsbrigadenoordwijk.nl\/archief\/yes-we-gaan-weer-beginnen-met-de-zwemles-t-m-12-jaar\/"]}]},{"@type":"ImageObject","inLanguage":"fr-FR","@id":"https:\/\/www.reddingsbrigadenoordwijk.nl\/archief\/yes-we-gaan-weer-beginnen-met-de-zwemles-t-m-12-jaar\/#primaryimage","url":"https:\/\/www.reddingsbrigadenoordwijk.nl\/wp-content\/uploads\/2021\/03\/130745212_2732079000378040_4101118840771950909_o.jpg","contentUrl":"https:\/\/www.reddingsbrigadenoordwijk.nl\/wp-content\/uploads\/2021\/03\/130745212_2732079000378040_4101118840771950909_o.jpg","width":1317,"height":640},{"@type":"BreadcrumbList","@id":"https:\/\/www.reddingsbrigadenoordwijk.nl\/archief\/yes-we-gaan-weer-beginnen-met-de-zwemles-t-m-12-jaar\/#breadcrumb","itemListElement":[{"@type":"ListItem","position":1,"name":"Home","item":"https:\/\/www.reddingsbrigadenoordwijk.nl\/"},{"@type":"ListItem","position":2,"name":"Yes! We gaan weer beginnen met de zwemles t\/m 12 jaar"}]},{"@type":"WebSite","@id":"https:\/\/www.reddingsbrigadenoordwijk.nl\/#website","url":"https:\/\/www.reddingsbrigadenoordwijk.nl\/","name":"\u00c9quipe de sauvetage de Noordwijk","description":"NRB","potentialAction":[{"@type":"SearchAction","target":{"@type":"EntryPoint","urlTemplate":"https:\/\/www.reddingsbrigadenoordwijk.nl\/?s={search_term_string}"},"query-input":{"@type":"PropertyValueSpecification","valueRequired":true,"valueName":"search_term_string"}}],"inLanguage":"fr-FR"},{"@type":"Person","@id":"https:\/\/www.reddingsbrigadenoordwijk.nl\/#\/schema\/person\/f09292697493a12dca713cdb67c474ee","name":"Promotion de la NRB","image":{"@type":"ImageObject","inLanguage":"fr-FR","@id":"https:\/\/secure.gravatar.com\/avatar\/038097506418c501b1886c1253672b8a31a8c0e90c6bb0e72f8a778fb61a183b?s=96&d=mm&r=g","url":"https:\/\/secure.gravatar.com\/avatar\/038097506418c501b1886c1253672b8a31a8c0e90c6bb0e72f8a778fb61a183b?s=96&d=mm&r=g","contentUrl":"https:\/\/secure.gravatar.com\/avatar\/038097506418c501b1886c1253672b8a31a8c0e90c6bb0e72f8a778fb61a183b?s=96&d=mm&r=g","caption":"Promotie NRB"},"url":"https:\/\/www.reddingsbrigadenoordwijk.nl\/fr\/archief\/author\/promotie-nrb\/"}]}},"_links":{"self":[{"href":"https:\/\/www.reddingsbrigadenoordwijk.nl\/fr\/wp-json\/wp\/v2\/posts\/10253","targetHints":{"allow":["GET"]}}],"collection":[{"href":"https:\/\/www.reddingsbrigadenoordwijk.nl\/fr\/wp-json\/wp\/v2\/posts"}],"about":[{"href":"https:\/\/www.reddingsbrigadenoordwijk.nl\/fr\/wp-json\/wp\/v2\/types\/post"}],"author":[{"embeddable":true,"href":"https:\/\/www.reddingsbrigadenoordwijk.nl\/fr\/wp-json\/wp\/v2\/users\/3"}],"replies":[{"embeddable":true,"href":"https:\/\/www.reddingsbrigadenoordwijk.nl\/fr\/wp-json\/wp\/v2\/comments?post=10253"}],"version-history":[{"count":0,"href":"https:\/\/www.reddingsbrigadenoordwijk.nl\/fr\/wp-json\/wp\/v2\/posts\/10253\/revisions"}],"wp:featuredmedia":[{"embeddable":true,"href":"https:\/\/www.reddingsbrigadenoordwijk.nl\/fr\/wp-json\/wp\/v2\/media\/10255"}],"wp:attachment":[{"href":"https:\/\/www.reddingsbrigadenoordwijk.nl\/fr\/wp-json\/wp\/v2\/media?parent=10253"}],"wp:term":[{"taxonomy":"category","embeddable":true,"href":"https:\/\/www.reddingsbrigadenoordwijk.nl\/fr\/wp-json\/wp\/v2\/categories?post=10253"},{"taxonomy":"post_tag","embeddable":true,"href":"https:\/\/www.reddingsbrigadenoordwijk.nl\/fr\/wp-json\/wp\/v2\/tags?post=10253"}],"curies":[{"name":"wp","href":"https:\/\/api.w.org\/{rel}","templated":true}]}}