{"id":11729,"date":"2022-07-08T12:05:00","date_gmt":"2022-07-08T10:05:00","guid":{"rendered":"https:\/\/www.reddingsbrigadenoordwijk.nl\/?p=11729"},"modified":"2022-07-11T12:08:20","modified_gmt":"2022-07-11T10:08:20","slug":"steun-tweede-kamer-voor-structurele-financiering-project-het-strand-veilig","status":"publish","type":"post","link":"https:\/\/www.reddingsbrigadenoordwijk.nl\/de\/archief\/unterstutzung-der-zweiten-kammer-fur-eine-strukturelle-finanzierung-projekt-des-strandes-sicher\/","title":{"rendered":"Unterst\u00fctzung des niederl\u00e4ndischen Parlaments f\u00fcr die strukturelle Finanzierung des Projekts \"Strand Veilig\"."},"content":{"rendered":"<p><strong>Am Donnerstag, den 7. Juli, hat das Unterhaus zwei Antr\u00e4ge zur Finanzierung des Programms Safe the Beach auch in den kommenden Jahren angenommen. Die Antr\u00e4ge folgten einem dringenden Appell an die Politiker, den der niederl\u00e4ndische Rettungsverband gemeinsam mit dem Nationalen Rat f\u00fcr Schwimmsicherheit und dem KNRM gerichtet hatte.<\/strong><\/p>\n\n\n\n<p>Die gemeinsame&nbsp;<a href=\"https:\/\/eur04.safelinks.protection.outlook.com\/?url=https%3A%2F%2Freddingsbrigade.us3.list-manage.com%2Ftrack%2Fclick%3Fu%3D3f9815a707547b225fbde94c6%26id%3D21109a167a%26e%3Ddec0b1bf9c&amp;data=05%7C01%7Ctamara.caspers%40reddingsbrigadenoordwijk.nl%7Ceef9a9c9dc85425e1ac908da632438f9%7Ccb92bd83421549838efae76e102034ba%7C0%7C0%7C637931304463636817%7CUnknown%7CTWFpbGZsb3d8eyJWIjoiMC4wLjAwMDAiLCJQIjoiV2luMzIiLCJBTiI6Ik1haWwiLCJXVCI6Mn0%3D%7C3000%7C%7C%7C&amp;sdata=cDBhSYrXwIujc7SUPwtRUNYRdTc45VDKsVYCl7m9mkw%3D&amp;reserved=0\" target=\"_blank\" rel=\"noreferrer noopener\">aufrufen<\/a>&nbsp;wurde am 21. Juni an die&nbsp;<a href=\"https:\/\/eur04.safelinks.protection.outlook.com\/?url=https%3A%2F%2Freddingsbrigade.us3.list-manage.com%2Ftrack%2Fclick%3Fu%3D3f9815a707547b225fbde94c6%26id%3Da7bcfd3bcd%26e%3Ddec0b1bf9c&amp;data=05%7C01%7Ctamara.caspers%40reddingsbrigadenoordwijk.nl%7Ceef9a9c9dc85425e1ac908da632438f9%7Ccb92bd83421549838efae76e102034ba%7C0%7C0%7C637931304463636817%7CUnknown%7CTWFpbGZsb3d8eyJWIjoiMC4wLjAwMDAiLCJQIjoiV2luMzIiLCJBTiI6Ik1haWwiLCJXVCI6Mn0%3D%7C3000%7C%7C%7C&amp;sdata=I92pO3t9%2Brau1ijZo75nij8Dgy2XaceuMyhdX6qnX8w%3D&amp;reserved=0\" target=\"_blank\" rel=\"noreferrer noopener\">St\u00e4ndiger parlamentarischer Ausschuss f\u00fcr \u00f6ffentliche Gesundheit, Wohlfahrt und Sport<\/a>&nbsp;(VWS). Am 29. Juni debattierten sie \u00fcber die Sportpolitik, unter anderem \u00fcber die Sicherheit im, auf und am Wasser. Es folgte die&nbsp;<a href=\"https:\/\/eur04.safelinks.protection.outlook.com\/?url=https%3A%2F%2Freddingsbrigade.us3.list-manage.com%2Ftrack%2Fclick%3Fu%3D3f9815a707547b225fbde94c6%26id%3D2a7bba7e46%26e%3Ddec0b1bf9c&amp;data=05%7C01%7Ctamara.caspers%40reddingsbrigadenoordwijk.nl%7Ceef9a9c9dc85425e1ac908da632438f9%7Ccb92bd83421549838efae76e102034ba%7C0%7C0%7C637931304463636817%7CUnknown%7CTWFpbGZsb3d8eyJWIjoiMC4wLjAwMDAiLCJQIjoiV2luMzIiLCJBTiI6Ik1haWwiLCJXVCI6Mn0%3D%7C3000%7C%7C%7C&amp;sdata=PXpRHu0UroZb%2BsgYlhiWNCSv4HKlSGhCBxquc0VMTlg%3D&amp;reserved=0\" target=\"_blank\" rel=\"noreferrer noopener\">zwei Antr\u00e4ge<\/a>&nbsp;zum Projekt&nbsp;<a href=\"https:\/\/eur04.safelinks.protection.outlook.com\/?url=https%3A%2F%2Freddingsbrigade.us3.list-manage.com%2Ftrack%2Fclick%3Fu%3D3f9815a707547b225fbde94c6%26id%3Dc2c5eaf918%26e%3Ddec0b1bf9c&amp;data=05%7C01%7Ctamara.caspers%40reddingsbrigadenoordwijk.nl%7Ceef9a9c9dc85425e1ac908da632438f9%7Ccb92bd83421549838efae76e102034ba%7C0%7C0%7C637931304463636817%7CUnknown%7CTWFpbGZsb3d8eyJWIjoiMC4wLjAwMDAiLCJQIjoiV2luMzIiLCJBTiI6Ik1haWwiLCJXVCI6Mn0%3D%7C3000%7C%7C%7C&amp;sdata=AYGNfF8kiyR0G13sAbNfplhuxMNr1PCiWpVx0jJmUuI%3D&amp;reserved=0\" target=\"_blank\" rel=\"noreferrer noopener\"><em>Strand-Safe<\/em><\/a>.<\/p>\n\n\n\n<p><strong>Anerkennungen<\/strong><br>Es ist nun Aufgabe der Regierung, im Haushalt 2023 Platz f\u00fcr die Kosten des Projekts zu schaffen.&nbsp;<em>Strand-Safe<\/em>die sich auf 250.000 EUR j\u00e4hrlich belaufen. Koen Breedveld, Direktor von&nbsp;<a href=\"https:\/\/eur04.safelinks.protection.outlook.com\/?url=https%3A%2F%2Freddingsbrigade.us3.list-manage.com%2Ftrack%2Fclick%3Fu%3D3f9815a707547b225fbde94c6%26id%3Dde363cca08%26e%3Ddec0b1bf9c&amp;data=05%7C01%7Ctamara.caspers%40reddingsbrigadenoordwijk.nl%7Ceef9a9c9dc85425e1ac908da632438f9%7Ccb92bd83421549838efae76e102034ba%7C0%7C0%7C637931304463636817%7CUnknown%7CTWFpbGZsb3d8eyJWIjoiMC4wLjAwMDAiLCJQIjoiV2luMzIiLCJBTiI6Ik1haWwiLCJXVCI6Mn0%3D%7C3000%7C%7C%7C&amp;sdata=%2Bv%2FLnbHE7Qe3DqcEViJ3k2SIit6aeRVv47TUvrx%2BfYA%3D&amp;reserved=0\" target=\"_blank\" rel=\"noreferrer noopener\">Rettungsbrigade Niederlande<\/a>Die breite Unterst\u00fctzung im Unterhaus f\u00fcr diese Antr\u00e4ge ist eine wunderbare Anerkennung unserer Arbeit und dessen, was wir innerhalb der Europ\u00e4ischen Union erreichen.&nbsp;<em>Strand-Safe<\/em>. So weit sind wir nat\u00fcrlich noch nicht, aber ich gehe davon aus, dass das Kabinett jetzt seine Verantwortung wahrnehmen und die strukturelle Finanzierung des Programms sicherstellen wird. Damit werden endlich nationale Ressourcen zur Verf\u00fcgung gestellt, um die Brigaden bei ihrer Arbeit f\u00fcr mehr Sicherheit auf, im und am Meer zu unterst\u00fctzen. Ich danke dem KNRM und dem Nationalen Rat f\u00fcr Schwimmsicherheit f\u00fcr die Unterst\u00fctzung unseres Aufrufs und freue mich darauf, diese Zusammenarbeit in den kommenden Jahren im Einklang mit unserem langfristigen politischen Plan zu konkretisieren.\"<br><br><em>Bei Fragen zu dieser Meldung wenden Sie sich bitte an&nbsp;<a href=\"mailto:kbreedveld@reddingsbrigade.nl\" target=\"_blank\" rel=\"noreferrer noopener\">Koen Breedveld<\/a>.<\/em><\/p>","protected":false},"excerpt":{"rendered":"<p>Am Donnerstag, den 7. Juli, hat das Unterhaus zwei Antr\u00e4ge zur Finanzierung des Programms Safe the Beach auch in den kommenden Jahren angenommen.<\/p>","protected":false},"author":3,"featured_media":11730,"comment_status":"closed","ping_status":"closed","sticky":false,"template":"","format":"standard","meta":{"_acf_changed":false,"footnotes":""},"categories":[4],"tags":[],"class_list":["post-11729","post","type-post","status-publish","format-standard","has-post-thumbnail","hentry","category-nieuws"],"acf":[],"yoast_head":"<!-- This site is optimized with the Yoast SEO plugin v27.5 - https:\/\/yoast.com\/product\/yoast-seo-wordpress\/ -->\n<title>Steun Tweede Kamer voor structurele financiering project &#039;Het Strand Veilig&#039; - Reddingsbrigade Noordwijk<\/title>\n<meta name=\"robots\" content=\"index, follow, max-snippet:-1, max-image-preview:large, max-video-preview:-1\" \/>\n<link rel=\"canonical\" href=\"https:\/\/www.reddingsbrigadenoordwijk.nl\/de\/archief\/steun-tweede-kamer-voor-structurele-financiering-project-het-strand-veilig\/\" \/>\n<meta property=\"og:locale\" content=\"de_DE\" \/>\n<meta property=\"og:type\" content=\"article\" \/>\n<meta property=\"og:title\" content=\"Steun Tweede Kamer voor structurele financiering project &#039;Het Strand Veilig&#039; - Reddingsbrigade Noordwijk\" \/>\n<meta property=\"og:description\" content=\"De Tweede Kamer heeft donderdag 7 juli twee moties aangenomen om het programma Het Strand Veilig ook in de aankomende jaren te financieren.\" \/>\n<meta property=\"og:url\" content=\"https:\/\/www.reddingsbrigadenoordwijk.nl\/de\/archief\/steun-tweede-kamer-voor-structurele-financiering-project-het-strand-veilig\/\" \/>\n<meta property=\"og:site_name\" content=\"Reddingsbrigade Noordwijk\" \/>\n<meta property=\"article:published_time\" content=\"2022-07-08T10:05:00+00:00\" \/>\n<meta property=\"article:modified_time\" content=\"2022-07-11T10:08:20+00:00\" \/>\n<meta property=\"og:image\" content=\"https:\/\/www.reddingsbrigadenoordwijk.nl\/wp-content\/uploads\/2022\/07\/d4226b8c-430c-88c2-9a13-63730bfa39bb.jpg\" \/>\n\t<meta property=\"og:image:width\" content=\"600\" \/>\n\t<meta property=\"og:image:height\" content=\"607\" \/>\n\t<meta property=\"og:image:type\" content=\"image\/jpeg\" \/>\n<meta name=\"author\" content=\"Promotie NRB\" \/>\n<meta name=\"twitter:card\" content=\"summary_large_image\" \/>\n<meta name=\"twitter:label1\" content=\"Verfasst von\" \/>\n\t<meta name=\"twitter:data1\" content=\"Promotie NRB\" \/>\n\t<meta name=\"twitter:label2\" content=\"Gesch\u00e4tzte Lesezeit\" \/>\n\t<meta name=\"twitter:data2\" content=\"2\u00a0Minuten\" \/>\n<script type=\"application\/ld+json\" class=\"yoast-schema-graph\">{\"@context\":\"https:\\\/\\\/schema.org\",\"@graph\":[{\"@type\":\"Article\",\"@id\":\"https:\\\/\\\/www.reddingsbrigadenoordwijk.nl\\\/archief\\\/steun-tweede-kamer-voor-structurele-financiering-project-het-strand-veilig\\\/#article\",\"isPartOf\":{\"@id\":\"https:\\\/\\\/www.reddingsbrigadenoordwijk.nl\\\/archief\\\/steun-tweede-kamer-voor-structurele-financiering-project-het-strand-veilig\\\/\"},\"author\":{\"name\":\"Promotie NRB\",\"@id\":\"https:\\\/\\\/www.reddingsbrigadenoordwijk.nl\\\/#\\\/schema\\\/person\\\/f09292697493a12dca713cdb67c474ee\"},\"headline\":\"Steun Tweede Kamer voor structurele financiering project &#8216;Het Strand Veilig&#8217;\",\"datePublished\":\"2022-07-08T10:05:00+00:00\",\"dateModified\":\"2022-07-11T10:08:20+00:00\",\"mainEntityOfPage\":{\"@id\":\"https:\\\/\\\/www.reddingsbrigadenoordwijk.nl\\\/archief\\\/steun-tweede-kamer-voor-structurele-financiering-project-het-strand-veilig\\\/\"},\"wordCount\":283,\"image\":{\"@id\":\"https:\\\/\\\/www.reddingsbrigadenoordwijk.nl\\\/archief\\\/steun-tweede-kamer-voor-structurele-financiering-project-het-strand-veilig\\\/#primaryimage\"},\"thumbnailUrl\":\"https:\\\/\\\/www.reddingsbrigadenoordwijk.nl\\\/wp-content\\\/uploads\\\/2022\\\/07\\\/d4226b8c-430c-88c2-9a13-63730bfa39bb.jpg\",\"articleSection\":[\"Nieuwsberichten\"],\"inLanguage\":\"de\"},{\"@type\":\"WebPage\",\"@id\":\"https:\\\/\\\/www.reddingsbrigadenoordwijk.nl\\\/archief\\\/steun-tweede-kamer-voor-structurele-financiering-project-het-strand-veilig\\\/\",\"url\":\"https:\\\/\\\/www.reddingsbrigadenoordwijk.nl\\\/archief\\\/steun-tweede-kamer-voor-structurele-financiering-project-het-strand-veilig\\\/\",\"name\":\"Steun Tweede Kamer voor structurele financiering project 'Het Strand Veilig' - Reddingsbrigade Noordwijk\",\"isPartOf\":{\"@id\":\"https:\\\/\\\/www.reddingsbrigadenoordwijk.nl\\\/#website\"},\"primaryImageOfPage\":{\"@id\":\"https:\\\/\\\/www.reddingsbrigadenoordwijk.nl\\\/archief\\\/steun-tweede-kamer-voor-structurele-financiering-project-het-strand-veilig\\\/#primaryimage\"},\"image\":{\"@id\":\"https:\\\/\\\/www.reddingsbrigadenoordwijk.nl\\\/archief\\\/steun-tweede-kamer-voor-structurele-financiering-project-het-strand-veilig\\\/#primaryimage\"},\"thumbnailUrl\":\"https:\\\/\\\/www.reddingsbrigadenoordwijk.nl\\\/wp-content\\\/uploads\\\/2022\\\/07\\\/d4226b8c-430c-88c2-9a13-63730bfa39bb.jpg\",\"datePublished\":\"2022-07-08T10:05:00+00:00\",\"dateModified\":\"2022-07-11T10:08:20+00:00\",\"author\":{\"@id\":\"https:\\\/\\\/www.reddingsbrigadenoordwijk.nl\\\/#\\\/schema\\\/person\\\/f09292697493a12dca713cdb67c474ee\"},\"breadcrumb\":{\"@id\":\"https:\\\/\\\/www.reddingsbrigadenoordwijk.nl\\\/archief\\\/steun-tweede-kamer-voor-structurele-financiering-project-het-strand-veilig\\\/#breadcrumb\"},\"inLanguage\":\"de\",\"potentialAction\":[{\"@type\":\"ReadAction\",\"target\":[\"https:\\\/\\\/www.reddingsbrigadenoordwijk.nl\\\/archief\\\/steun-tweede-kamer-voor-structurele-financiering-project-het-strand-veilig\\\/\"]}]},{\"@type\":\"ImageObject\",\"inLanguage\":\"de\",\"@id\":\"https:\\\/\\\/www.reddingsbrigadenoordwijk.nl\\\/archief\\\/steun-tweede-kamer-voor-structurele-financiering-project-het-strand-veilig\\\/#primaryimage\",\"url\":\"https:\\\/\\\/www.reddingsbrigadenoordwijk.nl\\\/wp-content\\\/uploads\\\/2022\\\/07\\\/d4226b8c-430c-88c2-9a13-63730bfa39bb.jpg\",\"contentUrl\":\"https:\\\/\\\/www.reddingsbrigadenoordwijk.nl\\\/wp-content\\\/uploads\\\/2022\\\/07\\\/d4226b8c-430c-88c2-9a13-63730bfa39bb.jpg\",\"width\":600,\"height\":607},{\"@type\":\"BreadcrumbList\",\"@id\":\"https:\\\/\\\/www.reddingsbrigadenoordwijk.nl\\\/archief\\\/steun-tweede-kamer-voor-structurele-financiering-project-het-strand-veilig\\\/#breadcrumb\",\"itemListElement\":[{\"@type\":\"ListItem\",\"position\":1,\"name\":\"Home\",\"item\":\"https:\\\/\\\/www.reddingsbrigadenoordwijk.nl\\\/\"},{\"@type\":\"ListItem\",\"position\":2,\"name\":\"Steun Tweede Kamer voor structurele financiering project &#8216;Het Strand Veilig&#8217;\"}]},{\"@type\":\"WebSite\",\"@id\":\"https:\\\/\\\/www.reddingsbrigadenoordwijk.nl\\\/#website\",\"url\":\"https:\\\/\\\/www.reddingsbrigadenoordwijk.nl\\\/\",\"name\":\"Reddingsbrigade Noordwijk\",\"description\":\"NRB\",\"potentialAction\":[{\"@type\":\"SearchAction\",\"target\":{\"@type\":\"EntryPoint\",\"urlTemplate\":\"https:\\\/\\\/www.reddingsbrigadenoordwijk.nl\\\/?s={search_term_string}\"},\"query-input\":{\"@type\":\"PropertyValueSpecification\",\"valueRequired\":true,\"valueName\":\"search_term_string\"}}],\"inLanguage\":\"de\"},{\"@type\":\"Person\",\"@id\":\"https:\\\/\\\/www.reddingsbrigadenoordwijk.nl\\\/#\\\/schema\\\/person\\\/f09292697493a12dca713cdb67c474ee\",\"name\":\"Promotie NRB\",\"image\":{\"@type\":\"ImageObject\",\"inLanguage\":\"de\",\"@id\":\"https:\\\/\\\/secure.gravatar.com\\\/avatar\\\/038097506418c501b1886c1253672b8a31a8c0e90c6bb0e72f8a778fb61a183b?s=96&d=mm&r=g\",\"url\":\"https:\\\/\\\/secure.gravatar.com\\\/avatar\\\/038097506418c501b1886c1253672b8a31a8c0e90c6bb0e72f8a778fb61a183b?s=96&d=mm&r=g\",\"contentUrl\":\"https:\\\/\\\/secure.gravatar.com\\\/avatar\\\/038097506418c501b1886c1253672b8a31a8c0e90c6bb0e72f8a778fb61a183b?s=96&d=mm&r=g\",\"caption\":\"Promotie NRB\"},\"url\":\"https:\\\/\\\/www.reddingsbrigadenoordwijk.nl\\\/de\\\/archief\\\/author\\\/promotie-nrb\\\/\"}]}<\/script>\n<!-- \/ Yoast SEO plugin. -->","yoast_head_json":{"title":"Das Unterhaus unterst\u00fctzt die strukturelle Finanzierung des Projekts 'The Beach Safe' - Reddingsbrigade Noordwijk","robots":{"index":"index","follow":"follow","max-snippet":"max-snippet:-1","max-image-preview":"max-image-preview:large","max-video-preview":"max-video-preview:-1"},"canonical":"https:\/\/www.reddingsbrigadenoordwijk.nl\/de\/archief\/steun-tweede-kamer-voor-structurele-financiering-project-het-strand-veilig\/","og_locale":"de_DE","og_type":"article","og_title":"Steun Tweede Kamer voor structurele financiering project 'Het Strand Veilig' - Reddingsbrigade Noordwijk","og_description":"De Tweede Kamer heeft donderdag 7 juli twee moties aangenomen om het programma Het Strand Veilig ook in de aankomende jaren te financieren.","og_url":"https:\/\/www.reddingsbrigadenoordwijk.nl\/de\/archief\/steun-tweede-kamer-voor-structurele-financiering-project-het-strand-veilig\/","og_site_name":"Reddingsbrigade Noordwijk","article_published_time":"2022-07-08T10:05:00+00:00","article_modified_time":"2022-07-11T10:08:20+00:00","og_image":[{"width":600,"height":607,"url":"https:\/\/www.reddingsbrigadenoordwijk.nl\/wp-content\/uploads\/2022\/07\/d4226b8c-430c-88c2-9a13-63730bfa39bb.jpg","type":"image\/jpeg"}],"author":"Promotie NRB","twitter_card":"summary_large_image","twitter_misc":{"Verfasst von":"Promotie NRB","Gesch\u00e4tzte Lesezeit":"2\u00a0Minuten"},"schema":{"@context":"https:\/\/schema.org","@graph":[{"@type":"Article","@id":"https:\/\/www.reddingsbrigadenoordwijk.nl\/archief\/steun-tweede-kamer-voor-structurele-financiering-project-het-strand-veilig\/#article","isPartOf":{"@id":"https:\/\/www.reddingsbrigadenoordwijk.nl\/archief\/steun-tweede-kamer-voor-structurele-financiering-project-het-strand-veilig\/"},"author":{"name":"Promotie NRB","@id":"https:\/\/www.reddingsbrigadenoordwijk.nl\/#\/schema\/person\/f09292697493a12dca713cdb67c474ee"},"headline":"Steun Tweede Kamer voor structurele financiering project &#8216;Het Strand Veilig&#8217;","datePublished":"2022-07-08T10:05:00+00:00","dateModified":"2022-07-11T10:08:20+00:00","mainEntityOfPage":{"@id":"https:\/\/www.reddingsbrigadenoordwijk.nl\/archief\/steun-tweede-kamer-voor-structurele-financiering-project-het-strand-veilig\/"},"wordCount":283,"image":{"@id":"https:\/\/www.reddingsbrigadenoordwijk.nl\/archief\/steun-tweede-kamer-voor-structurele-financiering-project-het-strand-veilig\/#primaryimage"},"thumbnailUrl":"https:\/\/www.reddingsbrigadenoordwijk.nl\/wp-content\/uploads\/2022\/07\/d4226b8c-430c-88c2-9a13-63730bfa39bb.jpg","articleSection":["Nieuwsberichten"],"inLanguage":"de"},{"@type":"WebPage","@id":"https:\/\/www.reddingsbrigadenoordwijk.nl\/archief\/steun-tweede-kamer-voor-structurele-financiering-project-het-strand-veilig\/","url":"https:\/\/www.reddingsbrigadenoordwijk.nl\/archief\/steun-tweede-kamer-voor-structurele-financiering-project-het-strand-veilig\/","name":"Das Unterhaus unterst\u00fctzt die strukturelle Finanzierung des Projekts 'The Beach Safe' - Reddingsbrigade Noordwijk","isPartOf":{"@id":"https:\/\/www.reddingsbrigadenoordwijk.nl\/#website"},"primaryImageOfPage":{"@id":"https:\/\/www.reddingsbrigadenoordwijk.nl\/archief\/steun-tweede-kamer-voor-structurele-financiering-project-het-strand-veilig\/#primaryimage"},"image":{"@id":"https:\/\/www.reddingsbrigadenoordwijk.nl\/archief\/steun-tweede-kamer-voor-structurele-financiering-project-het-strand-veilig\/#primaryimage"},"thumbnailUrl":"https:\/\/www.reddingsbrigadenoordwijk.nl\/wp-content\/uploads\/2022\/07\/d4226b8c-430c-88c2-9a13-63730bfa39bb.jpg","datePublished":"2022-07-08T10:05:00+00:00","dateModified":"2022-07-11T10:08:20+00:00","author":{"@id":"https:\/\/www.reddingsbrigadenoordwijk.nl\/#\/schema\/person\/f09292697493a12dca713cdb67c474ee"},"breadcrumb":{"@id":"https:\/\/www.reddingsbrigadenoordwijk.nl\/archief\/steun-tweede-kamer-voor-structurele-financiering-project-het-strand-veilig\/#breadcrumb"},"inLanguage":"de","potentialAction":[{"@type":"ReadAction","target":["https:\/\/www.reddingsbrigadenoordwijk.nl\/archief\/steun-tweede-kamer-voor-structurele-financiering-project-het-strand-veilig\/"]}]},{"@type":"ImageObject","inLanguage":"de","@id":"https:\/\/www.reddingsbrigadenoordwijk.nl\/archief\/steun-tweede-kamer-voor-structurele-financiering-project-het-strand-veilig\/#primaryimage","url":"https:\/\/www.reddingsbrigadenoordwijk.nl\/wp-content\/uploads\/2022\/07\/d4226b8c-430c-88c2-9a13-63730bfa39bb.jpg","contentUrl":"https:\/\/www.reddingsbrigadenoordwijk.nl\/wp-content\/uploads\/2022\/07\/d4226b8c-430c-88c2-9a13-63730bfa39bb.jpg","width":600,"height":607},{"@type":"BreadcrumbList","@id":"https:\/\/www.reddingsbrigadenoordwijk.nl\/archief\/steun-tweede-kamer-voor-structurele-financiering-project-het-strand-veilig\/#breadcrumb","itemListElement":[{"@type":"ListItem","position":1,"name":"Home","item":"https:\/\/www.reddingsbrigadenoordwijk.nl\/"},{"@type":"ListItem","position":2,"name":"Steun Tweede Kamer voor structurele financiering project &#8216;Het Strand Veilig&#8217;"}]},{"@type":"WebSite","@id":"https:\/\/www.reddingsbrigadenoordwijk.nl\/#website","url":"https:\/\/www.reddingsbrigadenoordwijk.nl\/","name":"Rettungsmannschaft Noordwijk","description":"NRB","potentialAction":[{"@type":"SearchAction","target":{"@type":"EntryPoint","urlTemplate":"https:\/\/www.reddingsbrigadenoordwijk.nl\/?s={search_term_string}"},"query-input":{"@type":"PropertyValueSpecification","valueRequired":true,"valueName":"search_term_string"}}],"inLanguage":"de"},{"@type":"Person","@id":"https:\/\/www.reddingsbrigadenoordwijk.nl\/#\/schema\/person\/f09292697493a12dca713cdb67c474ee","name":"NRB-F\u00f6rderung","image":{"@type":"ImageObject","inLanguage":"de","@id":"https:\/\/secure.gravatar.com\/avatar\/038097506418c501b1886c1253672b8a31a8c0e90c6bb0e72f8a778fb61a183b?s=96&d=mm&r=g","url":"https:\/\/secure.gravatar.com\/avatar\/038097506418c501b1886c1253672b8a31a8c0e90c6bb0e72f8a778fb61a183b?s=96&d=mm&r=g","contentUrl":"https:\/\/secure.gravatar.com\/avatar\/038097506418c501b1886c1253672b8a31a8c0e90c6bb0e72f8a778fb61a183b?s=96&d=mm&r=g","caption":"Promotie NRB"},"url":"https:\/\/www.reddingsbrigadenoordwijk.nl\/de\/archief\/author\/promotie-nrb\/"}]}},"_links":{"self":[{"href":"https:\/\/www.reddingsbrigadenoordwijk.nl\/de\/wp-json\/wp\/v2\/posts\/11729","targetHints":{"allow":["GET"]}}],"collection":[{"href":"https:\/\/www.reddingsbrigadenoordwijk.nl\/de\/wp-json\/wp\/v2\/posts"}],"about":[{"href":"https:\/\/www.reddingsbrigadenoordwijk.nl\/de\/wp-json\/wp\/v2\/types\/post"}],"author":[{"embeddable":true,"href":"https:\/\/www.reddingsbrigadenoordwijk.nl\/de\/wp-json\/wp\/v2\/users\/3"}],"replies":[{"embeddable":true,"href":"https:\/\/www.reddingsbrigadenoordwijk.nl\/de\/wp-json\/wp\/v2\/comments?post=11729"}],"version-history":[{"count":1,"href":"https:\/\/www.reddingsbrigadenoordwijk.nl\/de\/wp-json\/wp\/v2\/posts\/11729\/revisions"}],"predecessor-version":[{"id":11731,"href":"https:\/\/www.reddingsbrigadenoordwijk.nl\/de\/wp-json\/wp\/v2\/posts\/11729\/revisions\/11731"}],"wp:featuredmedia":[{"embeddable":true,"href":"https:\/\/www.reddingsbrigadenoordwijk.nl\/de\/wp-json\/wp\/v2\/media\/11730"}],"wp:attachment":[{"href":"https:\/\/www.reddingsbrigadenoordwijk.nl\/de\/wp-json\/wp\/v2\/media?parent=11729"}],"wp:term":[{"taxonomy":"category","embeddable":true,"href":"https:\/\/www.reddingsbrigadenoordwijk.nl\/de\/wp-json\/wp\/v2\/categories?post=11729"},{"taxonomy":"post_tag","embeddable":true,"href":"https:\/\/www.reddingsbrigadenoordwijk.nl\/de\/wp-json\/wp\/v2\/tags?post=11729"}],"curies":[{"name":"wp","href":"https:\/\/api.w.org\/{rel}","templated":true}]}}